{"id":2022,"date":"2012-12-18T01:27:55","date_gmt":"2012-12-18T00:27:55","guid":{"rendered":"http:\/\/iopartecipo.azionecattolica.it\/?p=2022"},"modified":"2012-12-18T01:27:55","modified_gmt":"2012-12-18T00:27:55","slug":"gli-auguri-di-natale-di-monti","status":"publish","type":"post","link":"https:\/\/iopartecipo.azionecattolica.it\/?p=2022","title":{"rendered":"Gli auguri di Natale di Monti"},"content":{"rendered":"<p>Cari ragazzi,<\/p>\n<p>sono molto contento di potervi rivolgere un messaggio di auguri per il Santo Natale e le festivit\u00e0 che sono oramai vicine.<\/p>\n<p>Un augurio a voi, alle vostre famiglie, ai vostri insegnanti nella speranza soprattutto che il 2013 possa essere finalmente l\u2019anno in cui il nostro paese ricomincia a crescere e ad essere protagonista di una ripresa economica che ridia certezze soprattutto a voi giovani, che vedete sempre pi\u00f9 avvicinarsi il tempo delle scelte e cercate un&#8217;occupazione stabile e dignitosa.<\/p>\n<p>I problemi che voi ragazzi vi ponete per il vostro futuro sono gli stessi che si pongono per il futuro dell&#8217;Italia. Perch\u00e9 un paese che non ascolta e non indirizza le nuove generazioni \u00e8 un paese vecchio, stanco e che difficilmente riuscir\u00e0 a vincere le sfide a cui \u00e8 chiamato.<\/p>\n<p>Osservo con attenzione la disillusione con cui molti di voi affrontano le sfide della vita quotidiana. Oggi bisogna essere consapevoli che ogni rinuncia \u00e8 una perdita grave. Non possiamo e non dobbiamo permettercela. Bisogna reagire.<\/p>\n<p>Abbiamo messo in sicurezza il paese, adesso dobbiamo ripartire. Occorreranno sempre pi\u00f9 persone preparate, serie, capaci di leggere il cambiamento e saperlo guidare.<\/p>\n<p>Dobbiamo scommettere sul futuro, voler essere attori protagonisti del rinnovamento nazionale. Chi pi\u00f9 dei giovani ha interesse a prendere le redini del proprio futuro?<\/p>\n<p>Adesso che, grazie all&#8217;impegno del Parlamento, molte riforme sono state completate mentre altre sono in dirittura d\u2019arrivo, il mio desiderio \u00e8 che il 2013 possa essere l&#8217;anno degli investimenti in capitale umano. L&#8217;anno nel quale tutto il Paese si mobilita per la ripresa scommettendo sui propri giovani e sulle loro competenze e i loro talenti. L&#8217;anno nel quale le imprese faranno uno sforzo particolare per immettere il maggior numero possibile di giovani lungo il percorso di inserimento lavorativo tracciato dalla riforma del mercato del lavoro.<\/p>\n<p>Per ripartire, si potrebbe cominciare da qui. Da un investimento straordinario in capitale umano al quale concorrano tutte le forze del Paese e soprattutto le imprese. Perch\u00e9 se lo Stato da solo non pu\u00f2 risolvere ogni problema, ci\u00f2 non significa che non possano riuscirci gli italiani \u2013 soprattutto quelli pi\u00f9 giovani \u2013 se sapremo affrontare uniti i problemi che abbiamo di fronte.<\/p>\n<p>Avete ragione quando affermate che bisogna fare di pi\u00f9 e meglio.<\/p>\n<p>Sono il primo a dire che non basta enunciare per voi la speranza: occorre organizzarla; stimolare una creativit\u00e0 pi\u00f9 fresca, una fantasia pi\u00f9 liberante, la gioia turbinosa dell&#8217;iniziativa. Dobbiamo convincerci che per crescere occorre spalancare la finestra del futuro: progettando insieme, osando insieme, cambiando insieme.<\/p>\n<p>Il mio governo ha fatto proprio della questione giovanile una priorit\u00e0 e sono sicuro che chiunque verr\u00e0 dopo di noi dovr\u00e0 impegnarsi per rendere pi\u00f9 efficiente e moderno il sistema scolastico, le universit\u00e0, insieme a favorire l\u2019accesso al mercato del lavoro.<\/p>\n<p>Sono convinto che se ci\u00f2 non verr\u00e0 fatto, se non vi aprissimo nuove possibilit\u00e0 di occupazione, nuove opportunit\u00e0 di affermazione sociale, la partita del futuro \u00e8 persa non solo per voi, ma per tutti.<\/p>\n<p>Immaginare il futuro e renderlo possibile \u00e8 la prerogativa indispensabile per ciascuno di noi. Per dare un senso al nostro percorso e per mordere il mondo con lo sguardo di chi sa vedere lontano.<\/p>\n<p>I miei pi\u00f9 sinceri auguri.<\/p>\n<p>&nbsp;<\/p>\n","protected":false},"excerpt":{"rendered":"<p>Cari ragazzi, sono molto contento di potervi rivolgere un messaggio di auguri per il Santo Natale e le festivit\u00e0 che sono oramai vicine. Un augurio a voi, alle vostre famiglie, ai vostri insegnanti nella speranza soprattutto che il 2013 possa essere finalmente l\u2019anno in cui il nostro paese ricomincia a crescere e ad essere protagonista [&hellip;]<\/p>\n","protected":false},"author":161,"featured_media":0,"comment_status":"open","ping_status":"open","sticky":false,"template":"","format":"standard","meta":[],"categories":[6],"tags":[],"_links":{"self":[{"href":"https:\/\/iopartecipo.azionecattolica.it\/index.php?rest_route=\/wp\/v2\/posts\/2022"}],"collection":[{"href":"https:\/\/iopartecipo.azionecattolica.it\/index.php?rest_route=\/wp\/v2\/posts"}],"about":[{"href":"https:\/\/iopartecipo.azionecattolica.it\/index.php?rest_route=\/wp\/v2\/types\/post"}],"author":[{"embeddable":true,"href":"https:\/\/iopartecipo.azionecattolica.it\/index.php?rest_route=\/wp\/v2\/users\/161"}],"replies":[{"embeddable":true,"href":"https:\/\/iopartecipo.azionecattolica.it\/index.php?rest_route=%2Fwp%2Fv2%2Fcomments&post=2022"}],"version-history":[{"count":2,"href":"https:\/\/iopartecipo.azionecattolica.it\/index.php?rest_route=\/wp\/v2\/posts\/2022\/revisions"}],"predecessor-version":[{"id":2024,"href":"https:\/\/iopartecipo.azionecattolica.it\/index.php?rest_route=\/wp\/v2\/posts\/2022\/revisions\/2024"}],"wp:attachment":[{"href":"https:\/\/iopartecipo.azionecattolica.it\/index.php?rest_route=%2Fwp%2Fv2%2Fmedia&parent=2022"}],"wp:term":[{"taxonomy":"category","embeddable":true,"href":"https:\/\/iopartecipo.azionecattolica.it\/index.php?rest_route=%2Fwp%2Fv2%2Fcategories&post=2022"},{"taxonomy":"post_tag","embeddable":true,"href":"https:\/\/iopartecipo.azionecattolica.it\/index.php?rest_route=%2Fwp%2Fv2%2Ftags&post=2022"}],"curies":[{"name":"wp","href":"https:\/\/api.w.org\/{rel}","templated":true}]}}