{"id":2033,"date":"2013-01-29T20:27:33","date_gmt":"2013-01-29T19:27:33","guid":{"rendered":"http:\/\/iopartecipo.azionecattolica.it\/?p=2033"},"modified":"2013-01-29T20:27:33","modified_gmt":"2013-01-29T19:27:33","slug":"le-materie-della-seconda-prova-per-la-maturita-2013","status":"publish","type":"post","link":"https:\/\/iopartecipo.azionecattolica.it\/?p=2033","title":{"rendered":"le materie della seconda prova per la maturit\u00e0 2013"},"content":{"rendered":"<p>Sono state scelte le materie per la seconda prova della maturit\u00e0 2013. Il decreto \u00e8 stato firmato dal ministro Profumo. Al classico si saluta il greco, quest&#8217;anno tocca al latino; Allo scientifico la consueta matematica;\u00a0Lingua straniera al Liceo linguistico; Pedagogia al Liceo pedagogico; Disegno geometrico, Prospettiva, Architettura al Liceo artistico; Economia aziendale ai Ragionieri, Tecnologia delle costruzioni ai Geometri; Alimenti e alimentazione all&#8217;Istituto professionale per i servizi alberghieri e della ristorazione. Sono queste alcune delle materie scelte per la seconda prova scritta degli Esami di Stato 2013 e contenute nel decreto firmato dal ministro Francesco Profumo, che individua, tra l&#8217;altro, anche le materie assegnate ai commissari esterni. Il decreto, per la prima volta protocollato attraverso una procedura informatica e non pi\u00f9 cartacea, \u00e8 ora in via di pubblicazione sulla Gazzetta Ufficiale.<br \/>\nLe prove scritte dell&#8217;Esame di Stato dell&#8217;anno scolastico 2012\/2013 si terranno il 19 giugno (prima prova) e 20 giugno (seconda prova).<\/p>\n<p><strong>Licei<\/strong><\/p>\n<ul>\n<li>Liceo classico:\u00a0<strong>Latino<\/strong>;<\/li>\n<li>Liceo scientifico:\u00a0<strong>Matematica<\/strong>;<\/li>\n<li>Liceo linguistico:\u00a0<strong>Lingua straniera<\/strong>;<\/li>\n<li>Liceo pedagogico:\u00a0<strong>Pedagogia<\/strong>;<\/li>\n<li>Liceo artistico:\u00a0<strong>Disegno geometrico, Prospettiva, Architettura<\/strong>.<\/li>\n<\/ul>\n<p><strong>Istituti tecnici e professionali<\/strong><br \/>\nSono state scelte materie che, oltre a caratterizzare i diversi indirizzi di studio, hanno una dimensione tecnico-pratico-laboratoriale. Per questa ragione la seconda prova pu\u00f2 essere svolta, come per il passato, in forma scritta o grafica o scritto-grafica o scritto-pratica, utilizzando, eventualmente, anche i laboratori dell&#8217;istituto.<\/p>\n<p>Le materie scelte per alcuni indirizzi sono:<\/p>\n<ul>\n<li>Istituto tecnico commerciale (ragionieri):\u00a0<strong>Economia aziendale<\/strong>;<\/li>\n<li>Istituto tecnico per geometri:\u00a0<strong>Tecnologia delle costruzioni<\/strong>;<\/li>\n<li>Istituto tecnico per il turismo:\u00a0<strong>Lingua straniera<\/strong>;<\/li>\n<li>Istituto professionale per i servizi alberghieri e della ristorazione:\u00a0<strong>Alimenti e alimentazione<\/strong>;<\/li>\n<li>Istituto professionale per i servizi sociali:\u00a0<strong>Psicologia generale e applicata<\/strong>;<\/li>\n<li>Istituto professionale per Tecnico delle industrie meccaniche:\u00a0<strong>Macchine a fluido<\/strong>.<\/li>\n<\/ul>\n<p>Settore artistico (licei e istituti d&#8217;arte)<br \/>\nLa materia oggetto di seconda prova ha carattere progettuale e laboratoriale (architettura, ceramica, mosaico, marmo, oreficeria ecc.) e si svolge in tre giorni.<\/p>\n<p><strong>Materie affidate ai commissari esterni<\/strong><br \/>\nIl decreto individua, inoltre, le materie affidate ai commissari esterni. Nella scelta delle materie affidate ai commissari esterni \u00e8 stato seguito, laddove si \u00e8 rivelato opportuno, il criterio della rotazione delle discipline. Si \u00e8 dato comunque particolare rilievo agli insegnamenti di Matematica e di Lingua straniera. A questo proposito, si fa presente che quest&#8217;anno, per la prima volta, la Lingua straniera, negli istituti tecnici e professionali che prevedono tale insegnamento, \u00e8 stata affidata ai commissari esterni.<\/p>\n<p>Sono 50 gli istituti scolastici coinvolti nel progetto Esabac (erano 40 l&#8217;anno scorso), finalizzato al rilascio del doppio diploma italiano e francese ed attuato sulla base dell&#8217;Accordo Italo-Francese sottoscritto il 24 febbraio 2009.<\/p>\n<p>Anche quest&#8217;anno dirigenti scolastici ed insegnanti presenteranno on line la domanda di partecipazione agli Esami di Stato in qualit\u00e0 di presidenti di commissione e di commissari d&#8217;esame.<\/p>\n<p>&nbsp;<\/p>\n<p><span style=\"text-decoration: underline;\">trovate l&#8217;elenco completo delle seconde prove scritte all&#8217;esame di maturit\u00e0<\/span> <a href=\"http:\/\/hubmiur.pubblica.istruzione.it\/web\/istruzione\/dm15_13\">cliccando qui<\/a><\/p>\n","protected":false},"excerpt":{"rendered":"<p>Sono state scelte le materie per la seconda prova della maturit\u00e0 2013. Il decreto \u00e8 stato firmato dal ministro Profumo. Al classico si saluta il greco, quest&#8217;anno tocca al latino; Allo scientifico la consueta matematica;\u00a0Lingua straniera al Liceo linguistico; Pedagogia al Liceo pedagogico; Disegno geometrico, Prospettiva, Architettura al Liceo artistico; Economia aziendale ai Ragionieri, Tecnologia [&hellip;]<\/p>\n","protected":false},"author":161,"featured_media":0,"comment_status":"open","ping_status":"open","sticky":false,"template":"","format":"standard","meta":[],"categories":[13],"tags":[],"_links":{"self":[{"href":"https:\/\/iopartecipo.azionecattolica.it\/index.php?rest_route=\/wp\/v2\/posts\/2033"}],"collection":[{"href":"https:\/\/iopartecipo.azionecattolica.it\/index.php?rest_route=\/wp\/v2\/posts"}],"about":[{"href":"https:\/\/iopartecipo.azionecattolica.it\/index.php?rest_route=\/wp\/v2\/types\/post"}],"author":[{"embeddable":true,"href":"https:\/\/iopartecipo.azionecattolica.it\/index.php?rest_route=\/wp\/v2\/users\/161"}],"replies":[{"embeddable":true,"href":"https:\/\/iopartecipo.azionecattolica.it\/index.php?rest_route=%2Fwp%2Fv2%2Fcomments&post=2033"}],"version-history":[{"count":1,"href":"https:\/\/iopartecipo.azionecattolica.it\/index.php?rest_route=\/wp\/v2\/posts\/2033\/revisions"}],"predecessor-version":[{"id":2034,"href":"https:\/\/iopartecipo.azionecattolica.it\/index.php?rest_route=\/wp\/v2\/posts\/2033\/revisions\/2034"}],"wp:attachment":[{"href":"https:\/\/iopartecipo.azionecattolica.it\/index.php?rest_route=%2Fwp%2Fv2%2Fmedia&parent=2033"}],"wp:term":[{"taxonomy":"category","embeddable":true,"href":"https:\/\/iopartecipo.azionecattolica.it\/index.php?rest_route=%2Fwp%2Fv2%2Fcategories&post=2033"},{"taxonomy":"post_tag","embeddable":true,"href":"https:\/\/iopartecipo.azionecattolica.it\/index.php?rest_route=%2Fwp%2Fv2%2Ftags&post=2033"}],"curies":[{"name":"wp","href":"https:\/\/api.w.org\/{rel}","templated":true}]}}