{"id":205,"date":"2008-10-29T10:51:15","date_gmt":"2008-10-29T09:51:15","guid":{"rendered":"http:\/\/www.azionecattolica.it\/net\/iopartecipo\/?p=205"},"modified":"2008-10-29T10:53:46","modified_gmt":"2008-10-29T09:53:46","slug":"oggi-voto-definitio-in-senato-per-il-decreto-137","status":"publish","type":"post","link":"https:\/\/iopartecipo.azionecattolica.it\/?p=205","title":{"rendered":"Oggi voto definitivo in Senato per il decreto 137"},"content":{"rendered":"<p class=\"MsoNormal\" style=\"text-align: justify;\"><img loading=\"lazy\" class=\"aligncenter\" src=\"http:\/\/media.panorama.it\/media\/foto\/2008\/06\/10\/484e80339d432_zoom.jpg\" alt=\"\" width=\"500\" height=\"354\" \/><\/p>\n<p class=\"MsoNormal\" style=\"text-align: justify;\">Questa \u00e8 la storia di pochi articoli legislativi, una dozzina in tutto, usciti in fila dalla penna del ministro Maria Stella Gelmini nei complicati giorni del dopo finanziaria, quando, ingoiato il boccone amaro dell\u2019art. 64 del decreto fiscale, quello che interviene pesantemente sulle risorse scolastiche, il giovane ministro della Repubblica ha insistito presso il Consiglio dei Ministri per poter presentare un disegno di legge sulla scuola tutto a sua firma. Una piccola enciclopedia della propria personalissima idea di istruzione condensata in pochi provvedimenti, riguardo diversi ambiti dello scibile scolastico. Ne \u00e8 venuto fuori il ddl del 1 agosto, piombato di punto in bianco quest\u2019estate sul mondo della scuola, convocato, tra associazioni studentesche, dei docenti e dei genitori (MSAC compreso), di tutta fretta e personalmente da Gelmini il giorno prima della presentazione del disegno di legge. La travagliata storia del dl 137, attualmente in discussione in Parlamento, comincia da qui. Provvedimenti circoscritti che, a ragione, lo stesso Ministro rifiuta categoricamente di chiamare \u201criforma\u201d, secondo l\u2019etichetta appioppata loro dalla pubblica opinione, riconoscendo che si tratta piuttosto di interventi che curano forse pi\u00f9 gli effetti che le cause.<\/p>\n<p class=\"MsoNormal\" style=\"text-align: justify;\">La magnifica dozzina originariamente compresa nel disegno di legge prevedeva, oltre al voto di condotta, la regolamentazione dei debiti formativi (la questione pi\u00f9 scottante fino a quel momento), la nomina dei docenti direttamente da parte dei dirigenti scolastici (poi cassata\/rimandata), fino a sincere buone intenzioni, poi omesse, nei confronti degli studenti, come gli incentivi alla ricerca e i provvedimenti per il diritto allo studio degli universitari. Non ultima la nuova materia \u201cCittadinanza e costituzione\u201d, per la quale, nella sua ansia di far bene, forse un eccesso di zelo aveva spinto il legislatore ad indicare, oltre al monte orario di 33 ore, persino che \u201centro 30 giorni dall\u2019entrata in vigore della legge, \u00e8 determinato il contenuto dell\u2019insegnamento\u201d. Uno scivolone che non teneva in conto il principio dell\u2019autonomia didattica delle scuole e che infatti nelle successive rielaborazioni \u00e8 saltato via, purtroppo insieme alle indicazioni orarie, lasciando il tutto un po\u2019 nebuloso.<\/p>\n<p class=\"MsoNormal\" style=\"text-align: justify;\">Quello che pi\u00f9 disorienta del decreto Gelmini \u00e8 certamente il metodo con il quale si \u00e8 proceduto. Dall\u2019iniziale disegno di legge, che avrebbe quindi previsto iter e tempi di discussione parlamentare standard per l\u2019approvazione, si \u00e8 passati entro la fine del mese ad un brusco ripensamento, ripresentando invece, in forma e tempi ridotti, una decretazione d\u2019urgenza. Tra l\u2019altro il 28 agosto, nell\u2019ambito del Consiglio dei Ministri che approvava il dl, sparivano la maggior parte degli articoli; a sorpresa, invece, veniva aggiunta in extremis, su diretto suggerimento del Ministro Tremonti, che pochi giorni prima dal pulpito cartaceo delle pagine del Corriere ne aveva vaticinato la dottrina, la valutazione alle elementari e medie in numeri decimali, piuttosto che in giudizi, rivoluzionando l\u2019algebra dell\u2019educazione. L\u2019epopea del dl 137 ha previsto ancora, nel corso del tragitto dal tavolo del CdM alla scrivania del Presidente della Repubblica per la firma definitiva, l\u2019introduzione di un ulteriore provvedimento, quello del maestro prevalente, che ha scatenato la polemica pi\u00f9 forte. Rivendicazioni sindacali e clamore dei pedagogisti hanno cos\u00ec sollevato il problema di un decreto che altrimenti sarebbe probabilmente passato inosservato, al massimo additato come la norma che gli studenti non vogliono per voto di condotta e grembiule (ma il benedetto grembiule, si controlli bene, nell\u2019articolato non c\u2019\u00e8). E&#8217; questo l\u2019elemento pi\u00f9 preoccupante di tutta la vicenda, ovvero la profonda disinformazione intorno al provvedimento, che di fatto nasconde, complice il polverone mediatico che gli si \u00e8 scatenato intorno, la vera portata di quella che forse a ragione pu\u00f2 essere considerata la vera \u201criforma\u201d della scuola, ovvero l\u2019articolo 64 della legge finanziaria. Un capitolo del decreto fiscale dedicato all\u2019istituzione scolastica che, oltre ai famosi tagli dei 143.000 organici nelle scuole, tra docenti e personale ATA, prevede un \u201cpiano di razionalizzazione\u201d la cui definizione sta procedendo di pari passo a quella del dl. Innalzamento del numero di alunni per classe, accorpamento di indirizzi di studio e cattedre (le classi di concorso per l\u2019abilitazione dei docenti), riduzione e riorganizzazione dei curricula orari per ogni ordine di studi, chiusura degli istituti sotto la soglia dei 300\/500 studenti (prospettando cos\u00ec, nei piccoli centri, il probabile pendolarismo anche alle elementari) e tagli alla formazione serale per gli adulti, sono solo alcuni dei provvedimenti tirati in ballo. Un quadro che certamente non prospetta un futuro roseo per il mondo dell\u2019istruzione e della formazione e che non sottrae la direzione ministeriale all\u2019accusa di scarso o praticamente nullo investimento strategico nel settore della scuola e della ricerca. Tra l\u2019altro rimane un cattivo segno di dialogo anche il fatto che questo decreto, pur di passare l\u2019iter delle camere entro i tempi stabiliti (250 emendamenti raccolti solo tra i deputati), ha richiesto un maxiemendamento ed il voto di fiducia, confermando in questo modo la \u201ccattiva condotta\u201d dei suoi promotori. C\u2019\u00e8 dunque in ballo qualcosa di molto di pi\u00f9 della ridicola questione dei grembiulini. A noi riaffermare con forza che rigore e competenza non li fanno scampoli di stoffa e i numeri sul registro. E incrociare le dita. Come per il resto.<\/p>\n<p style=\"text-align: right;\"><em>pubblicato per &#8220;Segno&#8221;<\/em><\/p>\n","protected":false},"excerpt":{"rendered":"<p>Questa \u00e8 la storia di pochi articoli legislativi, una dozzina in tutto, usciti in fila dalla penna del ministro Maria Stella Gelmini nei complicati giorni del dopo finanziaria, quando, ingoiato il boccone amaro dell\u2019art. 64 del decreto fiscale, quello che interviene pesantemente sulle risorse scolastiche, il giovane ministro della Repubblica ha insistito presso il Consiglio [&hellip;]<\/p>\n","protected":false},"author":3,"featured_media":0,"comment_status":"open","ping_status":"open","sticky":false,"template":"","format":"standard","meta":[],"categories":[7],"tags":[],"_links":{"self":[{"href":"https:\/\/iopartecipo.azionecattolica.it\/index.php?rest_route=\/wp\/v2\/posts\/205"}],"collection":[{"href":"https:\/\/iopartecipo.azionecattolica.it\/index.php?rest_route=\/wp\/v2\/posts"}],"about":[{"href":"https:\/\/iopartecipo.azionecattolica.it\/index.php?rest_route=\/wp\/v2\/types\/post"}],"author":[{"embeddable":true,"href":"https:\/\/iopartecipo.azionecattolica.it\/index.php?rest_route=\/wp\/v2\/users\/3"}],"replies":[{"embeddable":true,"href":"https:\/\/iopartecipo.azionecattolica.it\/index.php?rest_route=%2Fwp%2Fv2%2Fcomments&post=205"}],"version-history":[{"count":4,"href":"https:\/\/iopartecipo.azionecattolica.it\/index.php?rest_route=\/wp\/v2\/posts\/205\/revisions"}],"predecessor-version":[{"id":209,"href":"https:\/\/iopartecipo.azionecattolica.it\/index.php?rest_route=\/wp\/v2\/posts\/205\/revisions\/209"}],"wp:attachment":[{"href":"https:\/\/iopartecipo.azionecattolica.it\/index.php?rest_route=%2Fwp%2Fv2%2Fmedia&parent=205"}],"wp:term":[{"taxonomy":"category","embeddable":true,"href":"https:\/\/iopartecipo.azionecattolica.it\/index.php?rest_route=%2Fwp%2Fv2%2Fcategories&post=205"},{"taxonomy":"post_tag","embeddable":true,"href":"https:\/\/iopartecipo.azionecattolica.it\/index.php?rest_route=%2Fwp%2Fv2%2Ftags&post=205"}],"curies":[{"name":"wp","href":"https:\/\/api.w.org\/{rel}","templated":true}]}}