{"id":2075,"date":"2014-01-05T12:01:58","date_gmt":"2014-01-05T11:01:58","guid":{"rendered":"http:\/\/iopartecipo.azionecattolica.it\/?p=2075"},"modified":"2014-01-05T12:22:27","modified_gmt":"2014-01-05T11:22:27","slug":"la-costituente-della-scuola","status":"publish","type":"post","link":"https:\/\/iopartecipo.azionecattolica.it\/?p=2075","title":{"rendered":"La Costituente della Scuola"},"content":{"rendered":"<p>Da qualche giorno il Ministro Carrozza scrive su twitter (@MC_Carro) parlando della consultazione nazionale (non un referendum) sulla scuola: la cosiddetta Costituente della scuola. Verranno poste domande su 10 grandi macro ambiti che riguardano le nostre scuole a cui si avr\u00e0 possibilit\u00e0 di rispondere online fino a Maggio. Ciascuno potr\u00e0 dire la propria &#8220;pensando agli altri, alla societ\u00e0, non a se stesso&#8221;.<\/p>\n<p>E&#8217; lo stesso ministro ad anticipare alcune possibili domande. Eccole!<\/p>\n<div>\n<div>\n<div style=\"width: 538px\" class=\"wp-caption aligncenter\"><a href=\"http:\/\/msac.azionecattolica.it\/sites\/default\/files\/foto\/tweetCarrozza.png\"><img loading=\"lazy\" class=\" \" title=\"tweet Carrozza\" src=\"http:\/\/msac.azionecattolica.it\/sites\/default\/files\/foto\/tweetCarrozza.png\" alt=\"\" width=\"528\" height=\"481\" \/><\/a><p class=\"wp-caption-text\">5 gennaio-tweet Carrozza<\/p><\/div>\n<\/div>\n<\/div>\n<p>Noi cosa rispondiamo? Non facciamoci trovare impreparati! Il Ministro conta anche su di noi&#8230;<\/p>\n<p>&nbsp;<\/p>\n","protected":false},"excerpt":{"rendered":"<p>Da qualche giorno il Ministro Carrozza scrive su twitter (@MC_Carro) parlando della consultazione nazionale (non un referendum) sulla scuola: la cosiddetta Costituente della scuola. Verranno poste domande su 10 grandi macro ambiti che riguardano le nostre scuole a cui si avr\u00e0 possibilit\u00e0 di rispondere online fino a Maggio. Ciascuno potr\u00e0 dire la propria &#8220;pensando agli [&hellip;]<\/p>\n","protected":false},"author":161,"featured_media":0,"comment_status":"open","ping_status":"open","sticky":false,"template":"","format":"standard","meta":[],"categories":[1],"tags":[],"_links":{"self":[{"href":"https:\/\/iopartecipo.azionecattolica.it\/index.php?rest_route=\/wp\/v2\/posts\/2075"}],"collection":[{"href":"https:\/\/iopartecipo.azionecattolica.it\/index.php?rest_route=\/wp\/v2\/posts"}],"about":[{"href":"https:\/\/iopartecipo.azionecattolica.it\/index.php?rest_route=\/wp\/v2\/types\/post"}],"author":[{"embeddable":true,"href":"https:\/\/iopartecipo.azionecattolica.it\/index.php?rest_route=\/wp\/v2\/users\/161"}],"replies":[{"embeddable":true,"href":"https:\/\/iopartecipo.azionecattolica.it\/index.php?rest_route=%2Fwp%2Fv2%2Fcomments&post=2075"}],"version-history":[{"count":6,"href":"https:\/\/iopartecipo.azionecattolica.it\/index.php?rest_route=\/wp\/v2\/posts\/2075\/revisions"}],"predecessor-version":[{"id":2077,"href":"https:\/\/iopartecipo.azionecattolica.it\/index.php?rest_route=\/wp\/v2\/posts\/2075\/revisions\/2077"}],"wp:attachment":[{"href":"https:\/\/iopartecipo.azionecattolica.it\/index.php?rest_route=%2Fwp%2Fv2%2Fmedia&parent=2075"}],"wp:term":[{"taxonomy":"category","embeddable":true,"href":"https:\/\/iopartecipo.azionecattolica.it\/index.php?rest_route=%2Fwp%2Fv2%2Fcategories&post=2075"},{"taxonomy":"post_tag","embeddable":true,"href":"https:\/\/iopartecipo.azionecattolica.it\/index.php?rest_route=%2Fwp%2Fv2%2Ftags&post=2075"}],"curies":[{"name":"wp","href":"https:\/\/api.w.org\/{rel}","templated":true}]}}