{"id":2100,"date":"2014-05-14T21:58:43","date_gmt":"2014-05-14T20:58:43","guid":{"rendered":"http:\/\/iopartecipo.azionecattolica.it\/?p=2100"},"modified":"2014-05-14T21:58:43","modified_gmt":"2014-05-14T20:58:43","slug":"openmiur-primo-incontro-col-ministro-giannini","status":"publish","type":"post","link":"https:\/\/iopartecipo.azionecattolica.it\/?p=2100","title":{"rendered":"#openMIUR: primo incontro col ministro Giannini"},"content":{"rendered":"<p><a href=\"http:\/\/iopartecipo.azionecattolica.it\/wp-content\/uploads\/2014\/05\/stefania-giannini-ministro-dellistruzione.jpg\"><img loading=\"lazy\" class=\"aligncenter size-medium wp-image-2101\" alt=\"stefania-giannini-ministro-dellistruzione\" src=\"http:\/\/iopartecipo.azionecattolica.it\/wp-content\/uploads\/2014\/05\/stefania-giannini-ministro-dellistruzione-300x156.jpg\" height=\"156\" width=\"300\" srcset=\"https:\/\/iopartecipo.azionecattolica.it\/wp-content\/uploads\/2014\/05\/stefania-giannini-ministro-dellistruzione-300x156.jpg 300w, https:\/\/iopartecipo.azionecattolica.it\/wp-content\/uploads\/2014\/05\/stefania-giannini-ministro-dellistruzione.jpg 672w\" sizes=\"(max-width: 300px) 100vw, 300px\" \/><\/a>Per la prima volta dalla nascita del governo Renzi, oggi abbiamo incontrato con il Forum delle associazioni studentesche il <strong>ministro Giannini<\/strong>. Un confronto rinviato da troppo tempo, ma finalmente arrivato. E produttivo: la nostra impressione \u00e8 positiva.<\/p>\n<p>Il Forum ha prima di tutto esposto al ministro alcune proposte condivise, nella convinzione che la grande ricchezza del nostro tavolo sta proprio nel portare elaborazioni strutturate insieme da tutti i 7 soggetti rappresentati. Se una proposta unitaria viene da associazioni con idee molto distanti, allora significa che davvero riproduce un\u2019esigenza diffusa degli studenti italiani!<\/p>\n<p>Il Forum ha dunque presentato al ministro tre proposte ormai da tempo condivise, ma rimaste intoppate tra i cambi di governo: una proposta di legge quadro nazionale sul <strong>diritto allo studio<\/strong>, dato che gli ordinamenti delle singole Regioni non garantiscono ovunque livelli di servizio e assistenza standard per tutti gli studenti; uno <strong>statuto per gli studenti in stage<\/strong> o tirocinio; e una revisione della legge (567\/1996) che regola gli <strong>organi collegiali<\/strong>, in particolare per dare pi\u00f9 peso al ruolo delle consulte provinciali. Il ministro ha assunto tutte e tre le proposte, con una riserva sul diritto allo studio: pur prendendo l\u2019impegno davanti a noi di prendersi a cuore questa tematica decisiva, Giannini ha ammesso che un intervento del genere necessita di risorse il cui stanziamento dovr\u00e0 essere approvato dal governo. Sugli stage, il ministro ha detto che scontiamo un modello culturale che mette prima lo studio nozionistico e poi il sapere sperimentale: \u00e8 tempo, anche per rispondere alla drammatica emergenza occupazionale, di superare questa impostazione. In generale, ha sostenuto il ministro, obiettivo del suo mandato sar\u00e0 duplice: <strong>aumentare la qualit\u00e0 media della scuola italiana<\/strong>, ma in modo diffuso, senza divari regionali; e dare <strong>competitivit\u00e0 al sistema italiano<\/strong> nel confronto con gli altri Paesi, anche premiando le eccellenze.<\/p>\n<p>Il ministro ha recepito quattro ulteriori richieste delle associazioni: di partecipare alle iniziative che coinvolgono la scuola nell\u2019ambito del semestre italiano di Presidenza del Consiglio europeo; di includerci nel tavolo tecnico con il Ministero del Lavoro sul programma \u201cYouth Guarantee\u201d; di includerci nel tavolo gi\u00e0 insediato con il Consiglio Nazionale degli Studenti Universitari (CNSU) sul tema dell\u2019accesso all\u2019universit\u00e0 (in particolare i famigerati test); e di iniziare insieme una riflessione sulla democratizzazione del sistema scolastico (dagli organi collegiali e le assemblee studentesche, alla valutazione e alla didattica partecipate).<\/p>\n<p>Si \u00e8 poi passati a un giro di tavolo con le sensibilit\u00e0 delle singole associazioni: si \u00e8 parlato, tra l\u2019altro, di test INVALSI, accesso all\u2019universit\u00e0, orientamento, partecipazione studentesca, parit\u00e0 scolastica, riforma dei cicli, formazione professionale, governance delle istituzioni scolastiche. Come MSAC abbiamo evidenziato il momento favorevole per la scuola italiana, che gode di grande attenzione come dimostrato dallo straordinario incontro \u201cper\u201d la scuola \u2013 tutta la scuola \u2013 del 10 maggio. Abbiamo poi sottolineato, oltre a condividere molte osservazioni delle altre associazioni, tre temi: la scuola come luogo di <strong>formazione alla cittadinanza<\/strong>, per esempio applicando l\u2019insegnamento di \u201cCittadinanza e costituzione\u201d; l\u2019<strong>integrazione europea<\/strong> da promuovere nel semestre di Presidenza; e la necessit\u00e0 di salvaguardare assemblee e <strong>spazi di partecipazione<\/strong> come momenti di socialit\u00e0 fondamentali per gli studenti.<\/p>\n<p>Nella sua seconda replica, il ministro ha risposto puntualmente alle varie questioni. Sulla valutazione, ha concordato che i test di oggi hanno difetti strutturali come il prevalere di un\u2019analisi quantitativa \u2013 pur necessaria per garantire oggettivit\u00e0 e possibilit\u00e0 di comparazione internazionale \u2013 rispetto a quella qualitativa. Si \u00e8 detta disposta a ragionare su questo tema insieme ai \u201cCantieri scuola\u201d avviati da pochi giorni. Sul tema di autonomia e governance, ha aperto a una democratizzazione e partecipazione dei sistemi ma col principio che si possa ricondurre le responsabilit\u00e0 di ogni scuola a una persona o a un gruppo di persone ben definite. Sulla parit\u00e0 scolastica, si \u00e8 detta per un sistema che valorizzi le scuole paritarie per aderenza a un modello laico ed europeo che garantisce libert\u00e0 di scelta educativa alle famiglie; gli strumenti di valutazione di tutte le scuole del sistema pubblico integrato dovranno per forza essere gli stessi. Sulla formazione professionale, ha introdotto la necessit\u00e0 di potenziare i percorsi \u201c<i>vocational, educational and training\u201d <\/i>(apprendimento, formazione e lavoro). Infine ok a percorsi di educazione alla cittadinanza: in attesa delle risorse per dare monte ore autonomo alla materia \u201cCittadinanza e costituzione\u201d, con la promozione di percorsi quali le Lezioni con l\u2019Accademia dei Lincei o la \u201cNave della legalit\u00e0\u201d.<\/p>\n<p>Il lavoro al Forum si preannuncia intenso per i prossimi mesi, con la partecipazione ai tavoli tecnici e il lavoro insieme alla Direzione dell\u2019area studente (con cui il Forum collabora ordinariamente). Dopo il Forum, abbiamo potuto incontrare pure la dottoressa Leuzzi dell\u2019Ufficio affari internazionali, con cui abbiamo condiviso interessanti proposte per l\u2019uso dei <strong>fondi europei<\/strong> destinati all\u2019istruzione. Noi ci saremo, come ci ricorda papa Francesco non per \u00aboccupare spazi\u00bb, ma per \u00abavviare processi\u00bb (Evangelii Gaudium, 223). Sempre portando, dal basso, le esigenze e i sogni degli msacchini di tutta Italia.<\/p>\n","protected":false},"excerpt":{"rendered":"<p>Per la prima volta dalla nascita del governo Renzi, oggi abbiamo incontrato con il Forum delle associazioni studentesche il ministro Giannini. Un confronto rinviato da troppo tempo, ma finalmente arrivato. E produttivo: la nostra impressione \u00e8 positiva. Il Forum ha prima di tutto esposto al ministro alcune proposte condivise, nella convinzione che la grande ricchezza [&hellip;]<\/p>\n","protected":false},"author":177,"featured_media":0,"comment_status":"open","ping_status":"open","sticky":false,"template":"","format":"standard","meta":[],"categories":[5,7,1,13],"tags":[],"_links":{"self":[{"href":"https:\/\/iopartecipo.azionecattolica.it\/index.php?rest_route=\/wp\/v2\/posts\/2100"}],"collection":[{"href":"https:\/\/iopartecipo.azionecattolica.it\/index.php?rest_route=\/wp\/v2\/posts"}],"about":[{"href":"https:\/\/iopartecipo.azionecattolica.it\/index.php?rest_route=\/wp\/v2\/types\/post"}],"author":[{"embeddable":true,"href":"https:\/\/iopartecipo.azionecattolica.it\/index.php?rest_route=\/wp\/v2\/users\/177"}],"replies":[{"embeddable":true,"href":"https:\/\/iopartecipo.azionecattolica.it\/index.php?rest_route=%2Fwp%2Fv2%2Fcomments&post=2100"}],"version-history":[{"count":1,"href":"https:\/\/iopartecipo.azionecattolica.it\/index.php?rest_route=\/wp\/v2\/posts\/2100\/revisions"}],"predecessor-version":[{"id":2102,"href":"https:\/\/iopartecipo.azionecattolica.it\/index.php?rest_route=\/wp\/v2\/posts\/2100\/revisions\/2102"}],"wp:attachment":[{"href":"https:\/\/iopartecipo.azionecattolica.it\/index.php?rest_route=%2Fwp%2Fv2%2Fmedia&parent=2100"}],"wp:term":[{"taxonomy":"category","embeddable":true,"href":"https:\/\/iopartecipo.azionecattolica.it\/index.php?rest_route=%2Fwp%2Fv2%2Fcategories&post=2100"},{"taxonomy":"post_tag","embeddable":true,"href":"https:\/\/iopartecipo.azionecattolica.it\/index.php?rest_route=%2Fwp%2Fv2%2Ftags&post=2100"}],"curies":[{"name":"wp","href":"https:\/\/api.w.org\/{rel}","templated":true}]}}