{"id":2136,"date":"2014-10-13T23:16:04","date_gmt":"2014-10-13T22:16:04","guid":{"rendered":"http:\/\/iopartecipo.azionecattolica.it\/?p=2136"},"modified":"2014-10-14T15:03:49","modified_gmt":"2014-10-14T14:03:49","slug":"ottobre-le-manifestazioni-e-lalternativa-msacchina","status":"publish","type":"post","link":"https:\/\/iopartecipo.azionecattolica.it\/?p=2136","title":{"rendered":"Ottobre, le manifestazioni e l\u2019alternativa msacchina"},"content":{"rendered":"<p style=\"text-align: right;\"><a href=\"http:\/\/iopartecipo.azionecattolica.it\/wp-content\/uploads\/2014\/10\/ofm.jpg\"><img loading=\"lazy\" class=\"aligncenter size-medium wp-image-2137\" src=\"http:\/\/iopartecipo.azionecattolica.it\/wp-content\/uploads\/2014\/10\/ofm-300x225.jpg\" alt=\"ofm\" width=\"300\" height=\"225\" srcset=\"https:\/\/iopartecipo.azionecattolica.it\/wp-content\/uploads\/2014\/10\/ofm-300x225.jpg 300w, https:\/\/iopartecipo.azionecattolica.it\/wp-content\/uploads\/2014\/10\/ofm-1024x768.jpg 1024w, https:\/\/iopartecipo.azionecattolica.it\/wp-content\/uploads\/2014\/10\/ofm-624x468.jpg 624w, https:\/\/iopartecipo.azionecattolica.it\/wp-content\/uploads\/2014\/10\/ofm.jpg 1333w\" sizes=\"(max-width: 300px) 100vw, 300px\" \/><\/a>di <em><strong>Antonella Saracino<\/strong>,\u00a0<\/em><em>Segretaria Msac Bari-Bitonto (Liceo Artistico \u201cDe Nittis\u201d Bari)<\/em><\/p>\n<p><em>\u00a0<\/em><\/p>\n<p>I primi mesi di scuola sono particolari per noi studenti: riprendono le lezioni e tutte le attivit\u00e0 dopo una lunga e serena pausa estiva. Come il primo dell\u2019anno, ci poniamo nuovi obiettivi al fine di raggiungerli al meglio e \u201cbrindiamo\u201d a nuove avventure tra i banchi di scuola.<\/p>\n<p>Come al solito nella classe non manca nessuno: il classico nulla facente che al passo con le tecnologie adopera nuove soluzioni anti-studio; il lecchino, il quale usa le sue maestrie linguistiche per entrare nelle grazie dei prof.; il noto secchione che passa ore ed ore del suo tempo tra i polverosi libri di scuola. E infine abbiamo un semplice studente, che senza mostrarsi troppo e con dentro una \u201cbuona presenza\u201d, vive con passione e speranza i suoi progetti: avete capito di chi sto parlando? Ma certo, \u00e8 proprio lui\u2026 lo STUDENTE MSACCHINO.<\/p>\n<p>Egli sogna una scuola costruita a misura di studente, ovvero fondata sulla condivisione e sul reciproco rispetto, per evangelizzare con semplicit\u00e0 e gioia la sua parola.<\/p>\n<p>\u00c8 proprio quando inizia la scuola che avvengono importanti cambiamenti, le piazze si riempiono di slogan e scarsa riflessione sulle trasformazioni in atto nella societ\u00e0, provocando esiti negativi sotto i nostri occhi\u2026 ed \u00e8 li che lo studente msacchino scende in campo, pronto a giocarsi l\u2019ennesima partita. In quei 90 minuti in cui i calciatori, vestiti di partecipazione responsabile portano in campo una formazione ricca di valori etici e civili e puntano a fare goal schierando idee, proposte e progetti al fine di riscoprire la dimensione comunitaria della scuola.<\/p>\n<p>Il prossimo 10 ottobre (data annunciata dall\u2019Unione degli Studenti) gli studenti scenderanno in piazza e sul piede di battaglia cercheranno di contrastare le linee programmatiche del Governo.<\/p>\n<p>Ma a cosa serve manifestare? Non sfoghiamoci in piazza, finiremmo con il perdere il seme prezioso del cambiamento e ci negheremmo un diritto fondamentale, che \u00e8 quello di andare a scuola e seguire una normale attivit\u00e0 scolastica. Chi cambia davvero non scende in piazza perch\u00e9 sa che \u00e8 la via pi\u00f9 breve, ma si arma di cultura e testimonianza.<\/p>\n<p>Sappiamo che c\u2019\u00e8 fame di diritti, di partecipazione e di democrazia ma mettere energie in una manifestazione e non in ci\u00f2 che dobbiamo fare, \u00e8 contraddittorio. Torneremo a manifestare, certo.\u00a0<em>Ma dopo<\/em><em>\u2026<\/em><\/p>\n<p>dopo aver smesso di <strong>avere bisogni<\/strong> invece che desideri<\/p>\n<p>dopo aver smesso di\u00a0<strong>lamentarci<\/strong>\u00a0invece che creare<\/p>\n<p>dopo aver smesso di\u00a0<strong>non studiare<\/strong><\/p>\n<p><strong>dopo aver smesso di essere indifferenti<\/strong><\/p>\n<p>dopo aver\u00a0<strong>smesso di studiare ci\u00f2 che non ci piace<\/strong> \u00abma non ho alternativa\u00bb<\/p>\n<p>dopo aver smesso di guardare la scuola come un luogo di tristezza e monotonia.<\/p>\n<p>&nbsp;<\/p>\n<p>Allora torneremo a manifestare, <strong>ma dopo<\/strong>. Quando si potr\u00e0 manifestare \u201c<strong>a favore<\/strong>\u201d, non \u201ccontro\u201d.<\/p>\n<p>\u00c8 bello pensare ad una scuola con tante differenze di stile e di pensiero, ma unita nella costruzione delle fondamenta per la scuola che verr\u00e0, che vince la frammentazione degli interessi particolari e che contribuisce alla formazione di una cittadinanza consapevole.<\/p>\n<p>Attraverso i punti d\u2019incontro che nascono dalla scuola, gli studenti msacchini con la collaborazione di altre associazioni studentesche presenti sul territorio (UdS, Fds , RdS ecc.) e con la partecipazione attiva dei docenti, delle consulte provinciali e degli organi collegiali, contribuiranno nel costruire #labuonascuola. L\u2019insieme degli elementi che emergeranno dalla consultazione costituir\u00e0 oggetto di una analisi che da un lato contribuir\u00e0 alla definizione dei contenuti di un decreto legge, dall\u2019altro costituir\u00e0 l\u2019attuazione stessa del piano de \u201cLa Buona Scuola\u201d.<\/p>\n<p>Non perdiamo altro tempo, mettiamoci in discussione e cerchiamo di essere trascinatori e non trascinati.<\/p>\n","protected":false},"excerpt":{"rendered":"<p>di Antonella Saracino,\u00a0Segretaria Msac Bari-Bitonto (Liceo Artistico \u201cDe Nittis\u201d Bari) \u00a0 I primi mesi di scuola sono particolari per noi studenti: riprendono le lezioni e tutte le attivit\u00e0 dopo una lunga e serena pausa estiva. Come il primo dell\u2019anno, ci poniamo nuovi obiettivi al fine di raggiungerli al meglio e \u201cbrindiamo\u201d a nuove avventure tra [&hellip;]<\/p>\n","protected":false},"author":177,"featured_media":0,"comment_status":"open","ping_status":"open","sticky":false,"template":"","format":"standard","meta":[],"categories":[5,7,3],"tags":[],"_links":{"self":[{"href":"https:\/\/iopartecipo.azionecattolica.it\/index.php?rest_route=\/wp\/v2\/posts\/2136"}],"collection":[{"href":"https:\/\/iopartecipo.azionecattolica.it\/index.php?rest_route=\/wp\/v2\/posts"}],"about":[{"href":"https:\/\/iopartecipo.azionecattolica.it\/index.php?rest_route=\/wp\/v2\/types\/post"}],"author":[{"embeddable":true,"href":"https:\/\/iopartecipo.azionecattolica.it\/index.php?rest_route=\/wp\/v2\/users\/177"}],"replies":[{"embeddable":true,"href":"https:\/\/iopartecipo.azionecattolica.it\/index.php?rest_route=%2Fwp%2Fv2%2Fcomments&post=2136"}],"version-history":[{"count":2,"href":"https:\/\/iopartecipo.azionecattolica.it\/index.php?rest_route=\/wp\/v2\/posts\/2136\/revisions"}],"predecessor-version":[{"id":2139,"href":"https:\/\/iopartecipo.azionecattolica.it\/index.php?rest_route=\/wp\/v2\/posts\/2136\/revisions\/2139"}],"wp:attachment":[{"href":"https:\/\/iopartecipo.azionecattolica.it\/index.php?rest_route=%2Fwp%2Fv2%2Fmedia&parent=2136"}],"wp:term":[{"taxonomy":"category","embeddable":true,"href":"https:\/\/iopartecipo.azionecattolica.it\/index.php?rest_route=%2Fwp%2Fv2%2Fcategories&post=2136"},{"taxonomy":"post_tag","embeddable":true,"href":"https:\/\/iopartecipo.azionecattolica.it\/index.php?rest_route=%2Fwp%2Fv2%2Ftags&post=2136"}],"curies":[{"name":"wp","href":"https:\/\/api.w.org\/{rel}","templated":true}]}}