{"id":2147,"date":"2014-11-12T20:04:26","date_gmt":"2014-11-12T19:04:26","guid":{"rendered":"http:\/\/iopartecipo.azionecattolica.it\/?p=2147"},"modified":"2014-11-12T20:04:26","modified_gmt":"2014-11-12T19:04:26","slug":"il-msac-in-audizione-alla-commissione-vii-del-senato-un-impegno-per-diritto-allo-studio-e-statuto-degli-studenti-in-stage","status":"publish","type":"post","link":"https:\/\/iopartecipo.azionecattolica.it\/?p=2147","title":{"rendered":"Il MSAC in audizione alla Commissione VII del Senato: un impegno per diritto allo studio e Statuto degli studenti in stage"},"content":{"rendered":"<p>Ieri pomeriggio il MSAC \u00e8 stato ricevuto in audizione, insieme alle altre associazioni del Forum degli Studenti, presso la <a href=\"http:\/\/www.senato.it\/leg\/17\/BGT\/Schede\/Commissioni\/0-00007.htm\">Commissione VII del Senato<\/a>.<\/p>\n<p><a href=\"http:\/\/iopartecipo.azionecattolica.it\/wp-content\/uploads\/2014\/11\/AudizioneSenato-FB.jpg\"><img loading=\"lazy\" class=\"aligncenter size-medium wp-image-2148\" src=\"http:\/\/iopartecipo.azionecattolica.it\/wp-content\/uploads\/2014\/11\/AudizioneSenato-FB-300x182.jpg\" alt=\"AudizioneSenato-FB\" width=\"300\" height=\"182\" srcset=\"https:\/\/iopartecipo.azionecattolica.it\/wp-content\/uploads\/2014\/11\/AudizioneSenato-FB-300x182.jpg 300w, https:\/\/iopartecipo.azionecattolica.it\/wp-content\/uploads\/2014\/11\/AudizioneSenato-FB-1024x624.jpg 1024w, https:\/\/iopartecipo.azionecattolica.it\/wp-content\/uploads\/2014\/11\/AudizioneSenato-FB-624x380.jpg 624w, https:\/\/iopartecipo.azionecattolica.it\/wp-content\/uploads\/2014\/11\/AudizioneSenato-FB.jpg 1129w\" sizes=\"(max-width: 300px) 100vw, 300px\" \/><\/a><\/p>\n<p>Nelle Commissioni si discutono le proposte di legge prima di presentarle al Parlamento. La Commissione VII, in particolare, si occupa anche di istruzione. Con le audizioni, i parlamentari ascoltano esperti di varie tematiche, in modo da avere contributi qualificati per la loro discussione.<\/p>\n<p>Il tema della convocazione era: \u00abValutazione del riordino della scuola secondaria di secondo grado, impatto del precariato sulla qualit\u00e0 dell&#8217;insegnamento e recenti iniziative del Governo concernenti il potenziamento di alcune materie e la situazione del personale\u00bb. In pratica, ci era chiesto di esprimerci sulla situazione della scuola italiana, a 5 anni dalla \u201criforma Gelmini\u201d; e di portare un\u2019opinione su alcune proposte della \u201cBuona scuola\u201d. <a href=\"http:\/\/msac.azionecattolica.it\/sites\/default\/files\/Ambiti%20tematici%20-%20Audizione%20Commissione%20VII%20-%2011.11.14.pdf\">Qui potete trovare i 5 &#8220;ambiti tematici&#8221; dell&#8217;audizione<\/a>.<\/p>\n<p>Insieme alle altre associazioni abbiamo presentato un testo\u00a0unitario. Come sempre, i testi unitari presentano il \u201cminimo comune denominatore\u201d delle <a href=\"http:\/\/iostudio.pubblica.istruzione.it\/web\/28201\/associazioni_studentesche\">7 associazioni<\/a>, che hanno posizioni ideali e politiche molto distanti tra loro. Ma se delle proposte comuni arrivano da pensieri cos\u00ec diversi, allora assumono ancora pi\u00f9 forza! <a href=\"http:\/\/msac.azionecattolica.it\/sites\/default\/files\/Audizione_doc.Forum__0.pdf\">Qui trovate il parere unitario del Forum<\/a>.<\/p>\n<div id=\"attachment_2149\" style=\"width: 310px\" class=\"wp-caption aligncenter\"><a href=\"http:\/\/iopartecipo.azionecattolica.it\/wp-content\/uploads\/2014\/11\/madama_facciata01.jpg\"><img aria-describedby=\"caption-attachment-2149\" loading=\"lazy\" class=\"size-medium wp-image-2149\" src=\"http:\/\/iopartecipo.azionecattolica.it\/wp-content\/uploads\/2014\/11\/madama_facciata01-300x208.jpg\" alt=\"Palazzo Madama, sede del Senato\" width=\"300\" height=\"208\" srcset=\"https:\/\/iopartecipo.azionecattolica.it\/wp-content\/uploads\/2014\/11\/madama_facciata01-300x208.jpg 300w, https:\/\/iopartecipo.azionecattolica.it\/wp-content\/uploads\/2014\/11\/madama_facciata01.jpg 400w\" sizes=\"(max-width: 300px) 100vw, 300px\" \/><\/a><p id=\"caption-attachment-2149\" class=\"wp-caption-text\">Palazzo Madama, sede del Senato<\/p><\/div>\n<p>Ogni associazione, poi, ha presentato un proprio singolo contributo. <a href=\"http:\/\/msac.azionecattolica.it\/sites\/default\/files\/Audizione_doc.MSAC_.pdf\">Quello del MSAC si trova qui<\/a>. Abbiamo detto che la nostra scuola \u00e8 purtroppo peggiorata negli ultimi 5 anni, a causa dei tagli di risorse e dei pochi servizi offerti agli studenti (per esempio nell\u2019attivit\u00e0 importantissima dell\u2019orientamento). Riguardo alla \u201cBuona scuola\u201d, abbiamo ripreso alcune delle richieste che facciamo da pi\u00f9 tempo: un impegno per il diritto allo studio; alcune proposte per rendere pi\u00f9 attivi gli organi collegiali e le assemblee degli studenti; l\u2019insegnamento di Cittadinanza e costituzione; uno statuto per gli studenti in stage.<\/p>\n<p>I senatori hanno seguito con attenzione. Dopo la presentazione del documento congiunto, alcuni senatori hanno voluto intervenire: tutti si sono congratulati per il lavoro approfondito e per la capacit\u00e0 di trovare posizioni condivise tra associazioni cos\u00ec diverse. Le proposte sul diritto allo studio sono state accolte con favore, cos\u00ec come l\u2019idea di uno Statuto per studenti in stage. Crediamo sia stato un incontro positivo, come quello che abbiamo avuto col ministro Giannini lo scorso 17 ottobre (<a href=\"http:\/\/iopartecipo.azionecattolica.it\/?p=2140\">qui il reportage<\/a>). Tra pochi giorni, il 15 novembre, termina la fase di discussione pubblica su \u201cLa buona scuola\u201d (c\u2019\u00e8 ancora tempo per dire la propria, sul sito\u00a0<a href=\"http:\/\/labuonascuola.gov.it\/\">labuonascuola.gov.it<\/a>). Ora si passa ai fatti: nelle prossime settimane e mesi vedremo quali interventi di riforma saranno messi in campo dalla classe politica. Ci teniamo aggiornati e intanto continuiamo a raccogliere i pareri da tutta Italia: nei prossimi giorni pubblicheremo il \u201cManifesto della buona scuola\u201d del MSAC, scritto grazie ai dibattiti nelle nostre <a href=\"http:\/\/msac.azionecattolica.it\/categorie-msac\/proposta-formativa\/buona-scuola-costruzione-oktoberfest-2014\">OktoberFest<\/a>.<\/p>\n","protected":false},"excerpt":{"rendered":"<p>Ieri pomeriggio il MSAC \u00e8 stato ricevuto in audizione, insieme alle altre associazioni del Forum degli Studenti, presso la Commissione VII del Senato. Nelle Commissioni si discutono le proposte di legge prima di presentarle al Parlamento. La Commissione VII, in particolare, si occupa anche di istruzione. Con le audizioni, i parlamentari ascoltano esperti di varie [&hellip;]<\/p>\n","protected":false},"author":177,"featured_media":0,"comment_status":"open","ping_status":"open","sticky":false,"template":"","format":"standard","meta":[],"categories":[1],"tags":[86,173,37,164,171,17,172,26],"_links":{"self":[{"href":"https:\/\/iopartecipo.azionecattolica.it\/index.php?rest_route=\/wp\/v2\/posts\/2147"}],"collection":[{"href":"https:\/\/iopartecipo.azionecattolica.it\/index.php?rest_route=\/wp\/v2\/posts"}],"about":[{"href":"https:\/\/iopartecipo.azionecattolica.it\/index.php?rest_route=\/wp\/v2\/types\/post"}],"author":[{"embeddable":true,"href":"https:\/\/iopartecipo.azionecattolica.it\/index.php?rest_route=\/wp\/v2\/users\/177"}],"replies":[{"embeddable":true,"href":"https:\/\/iopartecipo.azionecattolica.it\/index.php?rest_route=%2Fwp%2Fv2%2Fcomments&post=2147"}],"version-history":[{"count":1,"href":"https:\/\/iopartecipo.azionecattolica.it\/index.php?rest_route=\/wp\/v2\/posts\/2147\/revisions"}],"predecessor-version":[{"id":2150,"href":"https:\/\/iopartecipo.azionecattolica.it\/index.php?rest_route=\/wp\/v2\/posts\/2147\/revisions\/2150"}],"wp:attachment":[{"href":"https:\/\/iopartecipo.azionecattolica.it\/index.php?rest_route=%2Fwp%2Fv2%2Fmedia&parent=2147"}],"wp:term":[{"taxonomy":"category","embeddable":true,"href":"https:\/\/iopartecipo.azionecattolica.it\/index.php?rest_route=%2Fwp%2Fv2%2Fcategories&post=2147"},{"taxonomy":"post_tag","embeddable":true,"href":"https:\/\/iopartecipo.azionecattolica.it\/index.php?rest_route=%2Fwp%2Fv2%2Ftags&post=2147"}],"curies":[{"name":"wp","href":"https:\/\/api.w.org\/{rel}","templated":true}]}}