{"id":2177,"date":"2015-03-24T16:11:17","date_gmt":"2015-03-24T15:11:17","guid":{"rendered":"http:\/\/iopartecipo.azionecattolica.it\/?p=2177"},"modified":"2015-03-24T16:11:17","modified_gmt":"2015-03-24T15:11:17","slug":"vacanze-piu-corte-per-gli-studenti","status":"publish","type":"post","link":"https:\/\/iopartecipo.azionecattolica.it\/?p=2177","title":{"rendered":"Vacanze pi\u00f9 corte per gli studenti?"},"content":{"rendered":"<div id=\"attachment_2178\" style=\"width: 310px\" class=\"wp-caption aligncenter\"><a href=\"http:\/\/iopartecipo.azionecattolica.it\/wp-content\/uploads\/2015\/03\/poletti-lavoro.jpg\"><img aria-describedby=\"caption-attachment-2178\" loading=\"lazy\" class=\"size-medium wp-image-2178\" src=\"http:\/\/iopartecipo.azionecattolica.it\/wp-content\/uploads\/2015\/03\/poletti-lavoro-300x200.jpg\" alt=\"Giuliano Poletti, Ministro del Lavoro e delle Politiche Sociali\" width=\"300\" height=\"200\" srcset=\"https:\/\/iopartecipo.azionecattolica.it\/wp-content\/uploads\/2015\/03\/poletti-lavoro-300x200.jpg 300w, https:\/\/iopartecipo.azionecattolica.it\/wp-content\/uploads\/2015\/03\/poletti-lavoro-1024x682.jpg 1024w, https:\/\/iopartecipo.azionecattolica.it\/wp-content\/uploads\/2015\/03\/poletti-lavoro-624x416.jpg 624w\" sizes=\"(max-width: 300px) 100vw, 300px\" \/><\/a><p id=\"caption-attachment-2178\" class=\"wp-caption-text\">Giuliano Poletti, Ministro del Lavoro e delle Politiche Sociali<\/p><\/div>\n<p>Ieri il Ministro del Lavoro <strong>Giuliano Poletti<\/strong>, intervenendo a un convegno, ha parlato di come gli studenti italiani potrebbero impiegare il proprio tempo estivo:<\/p>\n<p><em>\u00ab\u00a0Un mese di vacanza va bene. Ma <strong>non c&#8217;\u00e8 un obbligo di farne tre<\/strong>. Magari uno potrebbe essere passato a fare <strong>formazione<\/strong>. Una discussione che va affrontata. [&#8230;]\u00a0I miei figli d&#8217;estate sono sempre andati al magazzino della frutta a spostare le casse. Sono venuti su normali, non sono speciali, non sono straordinari. [&#8230;]\u00a0Anche noi genitori, la societ\u00e0, dobbiamo riconsiderare il tema del lavoro e le giovani generazioni\u00bb. [&#8230;]\u00a0Secondo il ministro, infine, non si distruggerebbe un ragazzino se invece \u00abdi stare a spasso per le strade della citt\u00e0 va a fare quattro ore di lavoro\u00bb.<\/em><\/p>\n<p>Sono dichiarazioni estrapolate da un contesto, ma certamente non molto felici. Parlare di \u00abspostare casse al magazzino\u00bb non \u00e8 esattamente un esempio virtuoso di formazione estiva. Intanto per\u00f2 il Ministro ha posto un tema, quello delle vacanze che in Italia sono pi\u00f9 lunghe rispetto alla media europea. Lo dimostra ad esempio\u00a0il <a href=\"http:\/\/www.corriere.it\/scuola\/speciali\/2014\/calendario\/notizie\/calendario-vacanze-13-settimane-estate-sping-break-petites-vacances-7d43bc0c-98c1-11e3-8bdc-e469d814c716.shtml\">Corriere della Sera<\/a>, e ne parla anche <a href=\"http:\/\/www.repubblica.it\/scuola\/2015\/03\/23\/news\/vacanze_estive_ecco_quanto_durano_in_europa_italia_in_testa-110296229\/\">Repubblica<\/a>.<\/p>\n<p>Il nostro segretario Gioele, interpellato dal SIR, ha espresso questa opinione:<\/p>\n<p><em>\u00abC\u2018\u00e8 un\u2018immagine di come i giovani impiegano il tempo estivo che non corrisponde al vero. Ci sono molti giovani che trascorrono i mesi estivi sfruttando questo periodo per il loro percorso di <strong>crescita personale<\/strong> mettendosi a disposizione per volontariato, campi scuola, grest. Non poniamo un rifiuto pregiudiziale all\u2018ipotesi di distribuire diversamente i periodi di vacanza durante l\u2018anno, anzi una <strong>sosta in determinati momenti potrebbe essere positiva<\/strong>. In Francia, per esempio, gli studenti godono di due settimane di vacanza nel periodo di Carnevale. Se anche in Italia si decide di procedere in tal senso, anticipando l\u2018inizio dell\u2018anno scolastico e posticipandone la fine, bisogna <strong>adeguare gli istituti scolastici<\/strong> che in buona parte al momento non sono in grado di ospitare gli studenti durante il periodo estivo\u00bb.<\/em><\/p>\n<p>Insomma, \u00e8 un dibattito che si pu\u00f2 aprire ma a due condizioni: che venga superato il legame estate-lavoro, ma anzi che siano valorizzate anche le altre attivit\u00e0 formative &#8211; come il volontariato &#8211; in cui molti giovani gi\u00e0 s&#8217;impegnano; e che, qualora\u00a0le scuole restassero aperte pi\u00f9 a lungo, si proceda prima a renderle &#8220;vivibili&#8221; anche in estate (quante nostre classi sono gi\u00e0 troppo afose a maggio?!).<\/p>\n<p>Che ne pensate? Parliamone!<br \/>\n#IoPartecipo<\/p>\n","protected":false},"excerpt":{"rendered":"<p>Ieri il Ministro del Lavoro Giuliano Poletti, intervenendo a un convegno, ha parlato di come gli studenti italiani potrebbero impiegare il proprio tempo estivo: \u00ab\u00a0Un mese di vacanza va bene. Ma non c&#8217;\u00e8 un obbligo di farne tre. Magari uno potrebbe essere passato a fare formazione. Una discussione che va affrontata. [&#8230;]\u00a0I miei figli d&#8217;estate [&hellip;]<\/p>\n","protected":false},"author":177,"featured_media":0,"comment_status":"open","ping_status":"open","sticky":false,"template":"","format":"standard","meta":[],"categories":[5,7,6],"tags":[],"_links":{"self":[{"href":"https:\/\/iopartecipo.azionecattolica.it\/index.php?rest_route=\/wp\/v2\/posts\/2177"}],"collection":[{"href":"https:\/\/iopartecipo.azionecattolica.it\/index.php?rest_route=\/wp\/v2\/posts"}],"about":[{"href":"https:\/\/iopartecipo.azionecattolica.it\/index.php?rest_route=\/wp\/v2\/types\/post"}],"author":[{"embeddable":true,"href":"https:\/\/iopartecipo.azionecattolica.it\/index.php?rest_route=\/wp\/v2\/users\/177"}],"replies":[{"embeddable":true,"href":"https:\/\/iopartecipo.azionecattolica.it\/index.php?rest_route=%2Fwp%2Fv2%2Fcomments&post=2177"}],"version-history":[{"count":1,"href":"https:\/\/iopartecipo.azionecattolica.it\/index.php?rest_route=\/wp\/v2\/posts\/2177\/revisions"}],"predecessor-version":[{"id":2179,"href":"https:\/\/iopartecipo.azionecattolica.it\/index.php?rest_route=\/wp\/v2\/posts\/2177\/revisions\/2179"}],"wp:attachment":[{"href":"https:\/\/iopartecipo.azionecattolica.it\/index.php?rest_route=%2Fwp%2Fv2%2Fmedia&parent=2177"}],"wp:term":[{"taxonomy":"category","embeddable":true,"href":"https:\/\/iopartecipo.azionecattolica.it\/index.php?rest_route=%2Fwp%2Fv2%2Fcategories&post=2177"},{"taxonomy":"post_tag","embeddable":true,"href":"https:\/\/iopartecipo.azionecattolica.it\/index.php?rest_route=%2Fwp%2Fv2%2Ftags&post=2177"}],"curies":[{"name":"wp","href":"https:\/\/api.w.org\/{rel}","templated":true}]}}