{"id":2241,"date":"2015-05-06T21:46:29","date_gmt":"2015-05-06T20:46:29","guid":{"rendered":"http:\/\/iopartecipo.azionecattolica.it\/?p=2241"},"modified":"2015-05-06T21:46:29","modified_gmt":"2015-05-06T20:46:29","slug":"il-partito-democratico-convoca-gli-studenti-ce-anche-il-msac","status":"publish","type":"post","link":"https:\/\/iopartecipo.azionecattolica.it\/?p=2241","title":{"rendered":"Il Partito Democratico convoca gli studenti: c\u2019\u00e8 anche il MSAC"},"content":{"rendered":"<p style=\"text-align: center;\"><a href=\"http:\/\/iopartecipo.azionecattolica.it\/wp-content\/uploads\/2014\/10\/ofm.jpg\"><img loading=\"lazy\" class=\"aligncenter size-medium wp-image-2137\" src=\"http:\/\/iopartecipo.azionecattolica.it\/wp-content\/uploads\/2014\/10\/ofm-300x225.jpg\" alt=\"ofm\" width=\"300\" height=\"225\" srcset=\"https:\/\/iopartecipo.azionecattolica.it\/wp-content\/uploads\/2014\/10\/ofm-300x225.jpg 300w, https:\/\/iopartecipo.azionecattolica.it\/wp-content\/uploads\/2014\/10\/ofm-1024x768.jpg 1024w, https:\/\/iopartecipo.azionecattolica.it\/wp-content\/uploads\/2014\/10\/ofm-624x468.jpg 624w, https:\/\/iopartecipo.azionecattolica.it\/wp-content\/uploads\/2014\/10\/ofm.jpg 1333w\" sizes=\"(max-width: 300px) 100vw, 300px\" \/><\/a><\/p>\n<p style=\"text-align: right;\"><em>di Adelaide e Gioele<\/em><\/p>\n<p>Oggi pomeriggio alle 18.30 abbiamo varcato la soglia della sede del PD, partito di maggioranza in Parlamento, insieme ai rappresentanti della Rete degli Studenti Medi, Unione degli Studenti e Federazione degli Studenti. Gita di piacere? Non proprio, siamo stati convocati per <strong>proporre modifiche al testo del disegno di legge \u201cBuona scuola\u201d<\/strong>, gi\u00e0 in corso di emendazione da parte della Commissione Cultura della Camera.<\/p>\n<p>Il confronto non era stato programmato, ma \u00e8 stato indetto dal Partito Democratico dopo la mobilitazione del 5 maggio a cui noi abbiamo partecipato attivamente proponendo discussioni nelle scuole. Una mobilitazione come quella di ieri, con ampia adesione degli insegnanti, non \u00e8 trascurabile nella fase di discussione della riforma.<\/p>\n<p>All\u2019incontro c\u2019erano esponenti del PD, ma non del governo: la responsabile scuola del partito <strong>Francesca Puglisi<\/strong>, la deputata della VII commissione <strong>Simona Malpezzi<\/strong> e anche il presidente del PD <strong>Matteo Orfini<\/strong>.<\/p>\n<p>Noi abbiamo presentato le proposte del <strong>\u201cManifesto nazionale della Buona Scuola\u201d<\/strong> integrate dal lavoro della <strong>Mo.Ca. a Rimini<\/strong>. Abbiamo cominciato sottolineando che gli studenti italiani non vivono fuori dal mondo, ma hanno aspettative alte riguardo la riforma della scuola, soprattutto vedendo il confronto con altri Paesi europei. La prima assente ingiustificata della Buona Scuola \u00e8 una lotta alla <strong>dispersione scolastica<\/strong> a 360\u00b0. Lotta che si concretizza con interventi immediati come l\u2019approvazione urgente di una legge quadro nazionale sul <strong>diritto allo studio<\/strong> e l\u2019incremento e stabilizzazione dei canali di finanziamento ordinari delle scuole; e poi con modifiche che portino a ripensare per intero la scuola italiana: come la ristrutturazione dei <strong>cicli d\u2019istruzione<\/strong>, o il ripensamento del sistema di <strong>valutazione<\/strong>. Ma anche noi studenti vogliamo poter combattere la dispersione partecipando alla scrittura del Piano triennale dell\u2019Offerta Formativa, provando a portare ci\u00f2 che attrae da fuori a dentro la scuola. E abbiamo proposto una vera integrazione del percorso di alternanza scuola-lavoro nel processo di apprendimento di uno studente.<\/p>\n<p>Le proposte degli studenti di AC sono tante e articolate, perci\u00f2 non possono essere valutate solo adesso, quando la discussione in Parlamento \u00e8 gi\u00e0 cominciata. Non si ripensa la scuola in 10 giorni, con la fretta di dover approvare le assunzioni dei docenti. Eppure da settembre sono passati quasi 10 mesi, perch\u00e9 non \u00e8 stato dato il giusto tempo alla discussione democratica e partecipata? Ci chiediamo perch\u00e9 quest\u2019incontro non si \u00e8 svolto prima, perch\u00e9 la voce degli studenti non \u00e8 stata il punto di partenza della scrittura del ddl invece di essere sollecitata da un\u2019ampia mobilitazione.<\/p>\n","protected":false},"excerpt":{"rendered":"<p>di Adelaide e Gioele Oggi pomeriggio alle 18.30 abbiamo varcato la soglia della sede del PD, partito di maggioranza in Parlamento, insieme ai rappresentanti della Rete degli Studenti Medi, Unione degli Studenti e Federazione degli Studenti. Gita di piacere? Non proprio, siamo stati convocati per proporre modifiche al testo del disegno di legge \u201cBuona scuola\u201d, [&hellip;]<\/p>\n","protected":false},"author":177,"featured_media":0,"comment_status":"open","ping_status":"open","sticky":false,"template":"","format":"standard","meta":[],"categories":[7,6,3,10],"tags":[],"_links":{"self":[{"href":"https:\/\/iopartecipo.azionecattolica.it\/index.php?rest_route=\/wp\/v2\/posts\/2241"}],"collection":[{"href":"https:\/\/iopartecipo.azionecattolica.it\/index.php?rest_route=\/wp\/v2\/posts"}],"about":[{"href":"https:\/\/iopartecipo.azionecattolica.it\/index.php?rest_route=\/wp\/v2\/types\/post"}],"author":[{"embeddable":true,"href":"https:\/\/iopartecipo.azionecattolica.it\/index.php?rest_route=\/wp\/v2\/users\/177"}],"replies":[{"embeddable":true,"href":"https:\/\/iopartecipo.azionecattolica.it\/index.php?rest_route=%2Fwp%2Fv2%2Fcomments&post=2241"}],"version-history":[{"count":1,"href":"https:\/\/iopartecipo.azionecattolica.it\/index.php?rest_route=\/wp\/v2\/posts\/2241\/revisions"}],"predecessor-version":[{"id":2242,"href":"https:\/\/iopartecipo.azionecattolica.it\/index.php?rest_route=\/wp\/v2\/posts\/2241\/revisions\/2242"}],"wp:attachment":[{"href":"https:\/\/iopartecipo.azionecattolica.it\/index.php?rest_route=%2Fwp%2Fv2%2Fmedia&parent=2241"}],"wp:term":[{"taxonomy":"category","embeddable":true,"href":"https:\/\/iopartecipo.azionecattolica.it\/index.php?rest_route=%2Fwp%2Fv2%2Fcategories&post=2241"},{"taxonomy":"post_tag","embeddable":true,"href":"https:\/\/iopartecipo.azionecattolica.it\/index.php?rest_route=%2Fwp%2Fv2%2Ftags&post=2241"}],"curies":[{"name":"wp","href":"https:\/\/api.w.org\/{rel}","templated":true}]}}