{"id":2247,"date":"2015-05-12T20:42:02","date_gmt":"2015-05-12T19:42:02","guid":{"rendered":"http:\/\/iopartecipo.azionecattolica.it\/?p=2247"},"modified":"2015-05-12T20:42:02","modified_gmt":"2015-05-12T19:42:02","slug":"una-petizione-per-lanagrafe-nazionale-delledilizia-scolastica","status":"publish","type":"post","link":"https:\/\/iopartecipo.azionecattolica.it\/?p=2247","title":{"rendered":"Una petizione per l&#8217;Anagrafe nazionale dell&#8217;Edilizia Scolastica"},"content":{"rendered":"<p style=\"text-align: right;\"><em>di Andrea Facciolo<\/em><\/p>\n<p>Poco pi\u00f9 di un mese fa il MIUR annunciava per il 22 di aprile la pubblicazione dei dati dell\u2019<strong>Anagrafe nazionale dell\u2019Edilizia Scolastica<\/strong>, come gi\u00e0 spiegavamo in <a href=\"http:\/\/iopartecipo.azionecattolica.it\/?p=2180\" target=\"_blank\">questo post<\/a>.<\/p>\n<p>La pubblicazione di questi dati \u00e8 attesa da molti anni ed \u00e8 stata pi\u00f9 volte rinviata. Anche questa volta ci siamo trovati di fronte a un rinvio da parte del Ministero, perch\u00e9 mancano i dati di molte regioni.<\/p>\n<p>Nel nostro paese la competenza in materia di istruzione \u00e8, come stabilito dalla Costituzione, <em><strong>concorrente<\/strong>,<\/em> cio\u00e8 dipende sia dallo Stato, che detta tutte le norme generali e gli ordinamenti, che dalle Regioni, che hanno alcune specifiche competenze, come appunto quella di tenere l\u2019anagrafe dell\u2019edilizia scolastica, ovvero i dati aggiornati sullo stato dei circa 40.000 edifici scolastici italiani, ovviamente ogni ente per il suo territorio, comunicando poi al Ministero i dati complessivi per ottenere il quadro nazionale.<\/p>\n<p>Conoscere questi dati \u00e8 fondamentale per poter <strong>programmare gli interventi di manutenzione<\/strong> ordinaria e straordinaria (le ristrutturazioni), che per le superiori verranno poi realizzati dalle Province, che gestiscono gli edifici delle superiori, e per stanziare i fondi necessari affinch\u00e9 si possano davvero realizzare tali interventi, anche quelli annunciati e programmati in questi mesi.<\/p>\n<p>Proprio per la pubblicazione dell\u2019Anagrafe dell\u2019Edilizia<strong> si sono attivate molte associazioni ed enti<\/strong> che chiedono al Ministero di rendere noti i dati, anche solo quelli parziali finch\u00e9 non arriveranno quelli di tutte le regioni.<\/p>\n<p>In particolare gli amici di <strong>CittadinanzAttiva<\/strong>, che gi\u00e0 si sono molto battuti per la pubblicazione dell\u2019anagrafe, promuovono una <a href=\"https:\/\/www.change.org\/p\/ministro-stefania-giannini-sottosegretario-di-stato-davide-faraone-vogliamo-l-anagrafe-dell-edilizia-scolastica-firma-anche-tu-per-chiedere-di-conoscere-se-la-tua-scuola-%C3%A8-sicura-entro-giugno-2015\" target=\"_blank\">raccolta firme<\/a> per chiedere al Ministero di pubblicare i dati dell\u2019Anagrafe gi\u00e0 presenti, che siano completi o parziali, entro il 30 giugno.<\/p>\n<p><strong>Anche noi possiamo sottoscrivere e far conoscere questa petizione<\/strong>, cos\u00ec da spronare il Ministero a pubblicare i dati e le Regioni a completare la mappatura dei dati di tutti gli edifici scolastici.<\/p>\n<p>&nbsp;<\/p>\n","protected":false},"excerpt":{"rendered":"<p>di Andrea Facciolo Poco pi\u00f9 di un mese fa il MIUR annunciava per il 22 di aprile la pubblicazione dei dati dell\u2019Anagrafe nazionale dell\u2019Edilizia Scolastica, come gi\u00e0 spiegavamo in questo post. La pubblicazione di questi dati \u00e8 attesa da molti anni ed \u00e8 stata pi\u00f9 volte rinviata. Anche questa volta ci siamo trovati di fronte [&hellip;]<\/p>\n","protected":false},"author":177,"featured_media":0,"comment_status":"open","ping_status":"open","sticky":false,"template":"","format":"standard","meta":[],"categories":[6,3],"tags":[188,101,40,189],"_links":{"self":[{"href":"https:\/\/iopartecipo.azionecattolica.it\/index.php?rest_route=\/wp\/v2\/posts\/2247"}],"collection":[{"href":"https:\/\/iopartecipo.azionecattolica.it\/index.php?rest_route=\/wp\/v2\/posts"}],"about":[{"href":"https:\/\/iopartecipo.azionecattolica.it\/index.php?rest_route=\/wp\/v2\/types\/post"}],"author":[{"embeddable":true,"href":"https:\/\/iopartecipo.azionecattolica.it\/index.php?rest_route=\/wp\/v2\/users\/177"}],"replies":[{"embeddable":true,"href":"https:\/\/iopartecipo.azionecattolica.it\/index.php?rest_route=%2Fwp%2Fv2%2Fcomments&post=2247"}],"version-history":[{"count":1,"href":"https:\/\/iopartecipo.azionecattolica.it\/index.php?rest_route=\/wp\/v2\/posts\/2247\/revisions"}],"predecessor-version":[{"id":2248,"href":"https:\/\/iopartecipo.azionecattolica.it\/index.php?rest_route=\/wp\/v2\/posts\/2247\/revisions\/2248"}],"wp:attachment":[{"href":"https:\/\/iopartecipo.azionecattolica.it\/index.php?rest_route=%2Fwp%2Fv2%2Fmedia&parent=2247"}],"wp:term":[{"taxonomy":"category","embeddable":true,"href":"https:\/\/iopartecipo.azionecattolica.it\/index.php?rest_route=%2Fwp%2Fv2%2Fcategories&post=2247"},{"taxonomy":"post_tag","embeddable":true,"href":"https:\/\/iopartecipo.azionecattolica.it\/index.php?rest_route=%2Fwp%2Fv2%2Ftags&post=2247"}],"curies":[{"name":"wp","href":"https:\/\/api.w.org\/{rel}","templated":true}]}}