{"id":2251,"date":"2015-05-22T09:32:37","date_gmt":"2015-05-22T08:32:37","guid":{"rendered":"http:\/\/iopartecipo.azionecattolica.it\/?p=2251"},"modified":"2015-05-22T09:32:37","modified_gmt":"2015-05-22T08:32:37","slug":"la-camera-approva-la-buona-scuola","status":"publish","type":"post","link":"https:\/\/iopartecipo.azionecattolica.it\/?p=2251","title":{"rendered":"La Camera approva la &#8220;buona scuola&#8221;"},"content":{"rendered":"<p style=\"text-align: center;\"><a href=\"http:\/\/iopartecipo.azionecattolica.it\/wp-content\/uploads\/2015\/05\/camera-dei-deputati.jpg\"><img loading=\"lazy\" class=\"aligncenter size-medium wp-image-2252\" src=\"http:\/\/iopartecipo.azionecattolica.it\/wp-content\/uploads\/2015\/05\/camera-dei-deputati-300x200.jpg\" alt=\"camera-dei-deputati\" width=\"300\" height=\"200\" srcset=\"https:\/\/iopartecipo.azionecattolica.it\/wp-content\/uploads\/2015\/05\/camera-dei-deputati-300x200.jpg 300w, https:\/\/iopartecipo.azionecattolica.it\/wp-content\/uploads\/2015\/05\/camera-dei-deputati.jpg 520w\" sizes=\"(max-width: 300px) 100vw, 300px\" \/><\/a><\/p>\n<p>La Camera dei Deputati ha approvato in prima lettura, con 316 voti a favore e diversi emendamenti il testo del disegno di legge <strong>&#8220;La Buona Scuola&#8221;<\/strong>. Ora la &#8220;palla&#8221; passa al Senato, infatti una proposta di legge deve essere approvata nello stesso testo sia dalla Camera che dal Senato. Per questo si parla di \u201cprima lettura\u201d perch\u00e9, se pure il Senato far\u00e0 delle modifiche, il testo dovr\u00e0 tornare alla Camera per essere nuovamente approvato.<br \/>\nMa con quali cambiamenti, rispetto al testo presentato dal Governo a marzo, la Buona Scuola \u00e8 stata approvata dalla Camera? <strong>Vediamo alcune modifiche essenziali:<\/strong><\/p>\n<ul>\n<li><strong>\u201cSuper preside\u201d e POF<\/strong> Il Dirigente non scrive da solo il piano dell\u2019offerta formativa (come prevedeva il testo originario), ma ne delinea gli indirizzi (a oggi nelle scuole questo passaggio inziale non \u00e8 previsto). Poi il POF viene elaborato in Collegio docenti e infine approvato dal Consiglio di istituto. Il piano diventer\u00e0 triennale e dovr\u00e0 indicare anche il personale docente, ATA e le infrastrutture (laboratori, strumenti tecnologici\u2026) necessari per espandere l&#8217;offerta formativa. I piani, dopo una valutazione degli uffici scolastici regionali, verranno finanziati dal Ministero dell&#8217;Istruzione in base alle risorse disponibili (con il rischio, qualora le risorse fossero troppo poche, che non tutte le proposte del piano vengano finanziate\u2026).<\/li>\n<li><strong>Alternanza scuola\/lavoro<\/strong> Sono rafforzate le risorse stanziate per l&#8217;alternanza scuola lavoro. \u00c8 stata mantenuta l&#8217;adozione della <strong>Carta\u00a0dei diritti e doveri delle studentesse e degli studenti in alternanza scuola lavoro<\/strong>, con il parere del Forum nazionale delle associazioni studentesche che portava avanti la richiesta da anni.\u00a0<a href=\"http:\/\/iopartecipo.azionecattolica.it\/wp-content\/uploads\/2015\/05\/vs_66875_12_af.jpg\"><img loading=\"lazy\" class=\"alignright size-medium wp-image-2253\" src=\"http:\/\/iopartecipo.azionecattolica.it\/wp-content\/uploads\/2015\/05\/vs_66875_12_af-300x254.jpg\" alt=\"vs_66875_12_af\" width=\"300\" height=\"254\" srcset=\"https:\/\/iopartecipo.azionecattolica.it\/wp-content\/uploads\/2015\/05\/vs_66875_12_af-300x254.jpg 300w, https:\/\/iopartecipo.azionecattolica.it\/wp-content\/uploads\/2015\/05\/vs_66875_12_af-624x527.jpg 624w, https:\/\/iopartecipo.azionecattolica.it\/wp-content\/uploads\/2015\/05\/vs_66875_12_af.jpg 1000w\" sizes=\"(max-width: 300px) 100vw, 300px\" \/><\/a><\/li>\n<li><strong>Assunzioni e \u201corganico dell\u2019autonomia\u201d<\/strong> \u00c8 confermata l&#8217;immissione in ruolo per l&#8217;anno scolastico 2015\/2016 di 100.000 docenti. Confermato anche l&#8217;<strong>Organico dell&#8217;Autonomia<\/strong>. Ci saranno dunque docenti che non avranno ore in cattedra (come li vediamo sempre nelle ore curriculari), ma saranno \u201cal servizio del POF\u201d. Tuttavia se i posti per il potenziamento dell&#8217;offerta formativa rimanessero scoperti a settembre, dopo le assunzioni, non potrebbero essere coperti da supplenti. Quindi va sottolineato che l\u2019organico dell\u2019autonomia non sar\u00e0 stabile, perch\u00e9 non sar\u00e0 possibile sopperire con un supplente alla mancanza o assenza temporanea (es. malattia o maternit\u00e0) di un docente impegnato al miglioramento dell\u2019offerta formativa (es. un docente che tiene corsi di recupero o potenziamento, percorsi di arte\u2026). Questo naturalmente \u00e8 un elemento di preoccupazione.<\/li>\n<\/ul>\n<ul>\n<li><strong>Il preside sceglie gli insegnanti<\/strong> L&#8217;organico dei docenti verr\u00e0 definito ogni tre anni su base regionale. I prof saranno poi chiamati dai Presidi per comporre la <strong>&#8220;squadra&#8221; di docenti<\/strong> di ogni istituto e potranno inviare ai dirigenti scolastici il loro curriculum vitae.\u00a0<a href=\"http:\/\/iopartecipo.azionecattolica.it\/wp-content\/uploads\/2015\/05\/Professori-in-un-corso-CEFAEGI1.jpg\"><img loading=\"lazy\" class=\"alignright size-medium wp-image-2254\" src=\"http:\/\/iopartecipo.azionecattolica.it\/wp-content\/uploads\/2015\/05\/Professori-in-un-corso-CEFAEGI1-300x169.jpg\" alt=\"Professori-in-un-corso-CEFAEGI1\" width=\"300\" height=\"169\" srcset=\"https:\/\/iopartecipo.azionecattolica.it\/wp-content\/uploads\/2015\/05\/Professori-in-un-corso-CEFAEGI1-300x169.jpg 300w, https:\/\/iopartecipo.azionecattolica.it\/wp-content\/uploads\/2015\/05\/Professori-in-un-corso-CEFAEGI1-1024x576.jpg 1024w, https:\/\/iopartecipo.azionecattolica.it\/wp-content\/uploads\/2015\/05\/Professori-in-un-corso-CEFAEGI1-624x351.jpg 624w\" sizes=\"(max-width: 300px) 100vw, 300px\" \/><\/a><br \/>\nQuesta disposizione determina un incremento dei poteri dei Presidi, che avranno il compito di assegnare incarichi triennali ai docenti, rinnovabili o meno dal Preside stesso. I Dirigenti non potranno per\u00f2 chiamare docenti con cui hanno legami di parentela.<\/li>\n<\/ul>\n<ul>\n<li><strong>Carta del docente ok, Carta dello studente ko<\/strong> Confermata la carta elettronica per l&#8217;aggiornamento personale del professore con un budget di 500\u20ac a\u00a0docente ogni anno. Non \u00e8 stato invece previsto un potenziamento della Carta dello Studente.<\/li>\n<\/ul>\n<ul>\n<li><strong>Nucleo di valutazione<\/strong> Prima dell&#8217;assunzione a tempo indeterminato vi sar\u00e0 una fase di formazione e prova che sar\u00e0 valutata dal Preside, sentito il Comitato per la valutazione dei docenti in cui siederanno anche rappresentanti dei genitori e, nelle superiori, <strong>degli studenti<\/strong>. Lo stesso Comitato elabora anche i criteri di valutazione di tutti i docenti, anche se il Preside sceglier\u00e0 quali docenti premiare economicamente, utilizzando i criteri individuati dal Comitato.\u00a0<a href=\"http:\/\/iopartecipo.azionecattolica.it\/wp-content\/uploads\/2015\/05\/studenti1.jpg\"><img loading=\"lazy\" class=\"alignleft size-medium wp-image-2255\" src=\"http:\/\/iopartecipo.azionecattolica.it\/wp-content\/uploads\/2015\/05\/studenti1-300x179.jpg\" alt=\"studenti1\" width=\"300\" height=\"179\" srcset=\"https:\/\/iopartecipo.azionecattolica.it\/wp-content\/uploads\/2015\/05\/studenti1-300x179.jpg 300w, https:\/\/iopartecipo.azionecattolica.it\/wp-content\/uploads\/2015\/05\/studenti1-624x372.jpg 624w, https:\/\/iopartecipo.azionecattolica.it\/wp-content\/uploads\/2015\/05\/studenti1.jpg 747w\" sizes=\"(max-width: 300px) 100vw, 300px\" \/><\/a><\/li>\n<\/ul>\n<ul>\n<li><strong>Finanziamenti<\/strong> Per quanto riguarda i finanziamenti da parte dei privati sparisce la norma sul 5&#215;1000 che aveva destato le proteste anche del terzo settore. Rimangono la detrazione per le spese sostenute per frequentare le scuole paritarie (fino a 400\u20ac all&#8217;anno a studente) e lo School Bonus: chi far\u00e0 donazioni alle scuole per nuovi edifici, manutenzioni e progetti per l&#8217;occupabilit\u00e0 degli studenti avr\u00e0 uno sconto sulle tasse pari al 65% dei fondi donati.<\/li>\n<\/ul>\n<ul>\n<li><strong>Deleghe al Governo<\/strong> Nell&#8217;ambito delle deleghe al Governo, sparisce quella per il riordino e la riforma\u00a0 degli organi collegiali mentre rimane quella per l&#8217;emanazione della legge quadro nazionale sul diritto allo studio.<br \/>\nPer quanto riguarda la legge sul <strong>diritto allo studio<\/strong>, molte volte chiesta dal Forum, dobbiamo segnalare come non si prevedano investimenti di risorse, che sono per\u00f2 essenziali per attuare una significativa legge quadro nazionale, cos\u00ec come \u00e8 annunciata.<\/li>\n<\/ul>\n<p>La discussione continua e noi rimaniamo disponibili, anzi promotori del dialogo e del cambiamento. La riforma ancora non \u00e8 all\u2019altezza della nostra idea di buona scuola, ma continueremo a impegnarci fino all\u2019ultimo nella ricerca di un miglioramento. Perch\u00e9 il MSAC \u00e8 degli studenti e per gli studenti.<\/p>\n<p>Da Roma \u00e8 tutto, linea agli msacchini!<\/p>\n","protected":false},"excerpt":{"rendered":"<p>La Camera dei Deputati ha approvato in prima lettura, con 316 voti a favore e diversi emendamenti il testo del disegno di legge &#8220;La Buona Scuola&#8221;. Ora la &#8220;palla&#8221; passa al Senato, infatti una proposta di legge deve essere approvata nello stesso testo sia dalla Camera che dal Senato. Per questo si parla di \u201cprima [&hellip;]<\/p>\n","protected":false},"author":177,"featured_media":0,"comment_status":"open","ping_status":"open","sticky":false,"template":"","format":"standard","meta":[],"categories":[6,1,13,12],"tags":[],"_links":{"self":[{"href":"https:\/\/iopartecipo.azionecattolica.it\/index.php?rest_route=\/wp\/v2\/posts\/2251"}],"collection":[{"href":"https:\/\/iopartecipo.azionecattolica.it\/index.php?rest_route=\/wp\/v2\/posts"}],"about":[{"href":"https:\/\/iopartecipo.azionecattolica.it\/index.php?rest_route=\/wp\/v2\/types\/post"}],"author":[{"embeddable":true,"href":"https:\/\/iopartecipo.azionecattolica.it\/index.php?rest_route=\/wp\/v2\/users\/177"}],"replies":[{"embeddable":true,"href":"https:\/\/iopartecipo.azionecattolica.it\/index.php?rest_route=%2Fwp%2Fv2%2Fcomments&post=2251"}],"version-history":[{"count":1,"href":"https:\/\/iopartecipo.azionecattolica.it\/index.php?rest_route=\/wp\/v2\/posts\/2251\/revisions"}],"predecessor-version":[{"id":2256,"href":"https:\/\/iopartecipo.azionecattolica.it\/index.php?rest_route=\/wp\/v2\/posts\/2251\/revisions\/2256"}],"wp:attachment":[{"href":"https:\/\/iopartecipo.azionecattolica.it\/index.php?rest_route=%2Fwp%2Fv2%2Fmedia&parent=2251"}],"wp:term":[{"taxonomy":"category","embeddable":true,"href":"https:\/\/iopartecipo.azionecattolica.it\/index.php?rest_route=%2Fwp%2Fv2%2Fcategories&post=2251"},{"taxonomy":"post_tag","embeddable":true,"href":"https:\/\/iopartecipo.azionecattolica.it\/index.php?rest_route=%2Fwp%2Fv2%2Ftags&post=2251"}],"curies":[{"name":"wp","href":"https:\/\/api.w.org\/{rel}","templated":true}]}}