{"id":2294,"date":"2015-06-15T12:46:36","date_gmt":"2015-06-15T11:46:36","guid":{"rendered":"http:\/\/iopartecipo.azionecattolica.it\/?p=2294"},"modified":"2015-06-15T12:46:36","modified_gmt":"2015-06-15T11:46:36","slug":"nuovi-fondi-per-lautonomia-delle-scuole-unoccasione-per-gli-studenti","status":"publish","type":"post","link":"https:\/\/iopartecipo.azionecattolica.it\/?p=2294","title":{"rendered":"Nuovi fondi per l&#8217;autonomia delle scuole: un&#8217;occasione per gli studenti"},"content":{"rendered":"<p style=\"text-align: center;\"><a href=\"http:\/\/iopartecipo.azionecattolica.it\/wp-content\/uploads\/2015\/06\/440.11.png\"><img loading=\"lazy\" class=\"aligncenter size-medium wp-image-2295\" src=\"http:\/\/iopartecipo.azionecattolica.it\/wp-content\/uploads\/2015\/06\/440.11-300x228.png\" alt=\"440.1\" width=\"300\" height=\"228\" srcset=\"https:\/\/iopartecipo.azionecattolica.it\/wp-content\/uploads\/2015\/06\/440.11-300x228.png 300w, https:\/\/iopartecipo.azionecattolica.it\/wp-content\/uploads\/2015\/06\/440.11-624x474.png 624w, https:\/\/iopartecipo.azionecattolica.it\/wp-content\/uploads\/2015\/06\/440.11.png 827w\" sizes=\"(max-width: 300px) 100vw, 300px\" \/><\/a><\/p>\n<p>Il Ministro dell&#8217;Istruzione Stefania Giannini ha firmato il consueto decreto che ogni anno finanzia l&#8217;<strong>autonomia scolastica<\/strong>\u00a0(in base alla legge 440 del 1997), ovvero tutte quelle\u00a0<strong>attivit\u00e0 che le nostre scuole possono mettere in campo oltre le ore di lezione<\/strong>\u00a0per ampliare l\u2019\u201cofferta formativa\u201d.<\/p>\n<p>Quest\u2019anno, il decreto prevede qualche &#8220;sorpresa&#8221; per le nostre scuole. Mentre negli ultimi anni, infatti, i fondi stanziati per le attivit\u00e0 in autonomia erano costantemente e drasticamente scesi,\u00a0<strong>le risorse previste per il 2015 aumentano<\/strong>\u00a0e soprattutto vengono destinate ad\u00a0<strong>ambiti specifici legati al potenziamento dell&#8217;offerta formativa<\/strong>\u00a0(a differenza di quanto accaduto negli anni scorsi, quando si prelevavano risorse destinate all&#8217; autonomia per risolvere le &#8220;emergenze&#8221; del momento).<\/p>\n<p>Nel dettaglio le risorse per il 2015 ammontano a\u00a0<strong>93,2 milioni diEuro<\/strong>, quasi 40 milioni in pi\u00f9 rispetto ai 56 milioni stanziati nel 2014. Non si raggiungono le cifre di inizio millennio (nel 2000, le attivit\u00e0 in autonomia erano finanziate con 166,7 milioni); ma \u00e8 sicuramente un&#8217;<strong>inversione di tendenza<\/strong>\u00a0che fa ben sperare.<\/p>\n<p>Tali risorse saranno divise su tre principali voci:<\/p>\n<ul>\n<li>16,6 milioni vanno per la\u00a0<strong>formazione del personale e degli insegnanti<\/strong>\u00a0con particolare attenzione alle lingue straniere.<\/li>\n<li>25 milioni circa serviranno per le\u00a0<strong>scuole<\/strong>: per implementare il digitale, le nuove tecnologie e la sicurezza<\/li>\n<li>la parte del leone per\u00f2 la fanno\u00a0<strong>i progetti rivolti agli studenti<\/strong>\u00a0a cui \u00e8 destinato il restante 60% dei fondi (oltre 51 milioni) suddivisi prevalentemente su 5 aree: rapporto scuola\/lavoro e Made in Italy; sport e cultura; partecipazione studentesca; integrazione e inclusione. Tra le varie voci spicca l&#8217;aumento di fondi per l&#8217; alternanza scuola lavoro (da 11 a 19 milioni). Diversi interventi anticipano alcune misure previste dal DDL Buona Scuola.<\/li>\n<\/ul>\n<p>Altre novit\u00e0 sono il ritorno della\u00a0<strong>\u201cGiornata nazionale della scuola\u201d<\/strong>; e nuovi fondi per la lotta al bullismo e l&#8217;educazione alla legalit\u00e0.<\/p>\n<p>Infine la valutazione dei progetti sar\u00e0 pi\u00f9 rigorosa e si premieranno quelli pi\u00f9 coinvolgenti e innovativi, cos\u00ec come anche le verifiche sullo stato dei progetti e sulle loro ricadute pratica saranno pi\u00f9 diffuse: se da un lato si aumentano le risorse per l&#8217;autonomia, giustamente poi si chiede anche alle scuole di utilizzare queste stesse risorse in totale<strong>\u00a0trasparenza<\/strong>. A\u00a0<a href=\"http:\/\/www.istruzione.it\/allegati\/2015\/440_11giugno.pdf\">questo link<\/a>\u00a0si trovano le slides riassuntive del provvedimento.<\/p>\n<p>Lo stanziamento di questi fondi \u00e8 sicuramente importante e ci auguriamo che vengano stabilizzati e confermati anche per i prossimi anni, cos\u00ec che si possano avviare azioni durature nelle scuole.<\/p>\n<p>Intanto ricordiamo a tutti i circoli che con l&#8217;inizio dell&#8217;estate bisogna iniziare a pensare e scrivere i\u00a0<strong>progetti da presentare alle proprie scuole<\/strong>\u00a0per il prossimo anno: questi progetti andranno valutati dagli organi collegiali e finanziati anche con i fondi della legge 440. Magari non riusciremo a organizzarci gi\u00e0 quest\u2019anno, ma ricordiamoci sempre che, grazie all\u2019autonomia, abbiamo una grande opportunit\u00e0 per essere protagonisti delle nostre scuole, e animarle grazie alle nostre proposte. E questo \u00e8 essere\u00a0<strong>#AlPostoGiusto!<\/strong><\/p>\n","protected":false},"excerpt":{"rendered":"<p>Il Ministro dell&#8217;Istruzione Stefania Giannini ha firmato il consueto decreto che ogni anno finanzia l&#8217;autonomia scolastica\u00a0(in base alla legge 440 del 1997), ovvero tutte quelle\u00a0attivit\u00e0 che le nostre scuole possono mettere in campo oltre le ore di lezione\u00a0per ampliare l\u2019\u201cofferta formativa\u201d. Quest\u2019anno, il decreto prevede qualche &#8220;sorpresa&#8221; per le nostre scuole. Mentre negli ultimi anni, [&hellip;]<\/p>\n","protected":false},"author":177,"featured_media":0,"comment_status":"open","ping_status":"open","sticky":false,"template":"","format":"standard","meta":[],"categories":[7,13],"tags":[],"_links":{"self":[{"href":"https:\/\/iopartecipo.azionecattolica.it\/index.php?rest_route=\/wp\/v2\/posts\/2294"}],"collection":[{"href":"https:\/\/iopartecipo.azionecattolica.it\/index.php?rest_route=\/wp\/v2\/posts"}],"about":[{"href":"https:\/\/iopartecipo.azionecattolica.it\/index.php?rest_route=\/wp\/v2\/types\/post"}],"author":[{"embeddable":true,"href":"https:\/\/iopartecipo.azionecattolica.it\/index.php?rest_route=\/wp\/v2\/users\/177"}],"replies":[{"embeddable":true,"href":"https:\/\/iopartecipo.azionecattolica.it\/index.php?rest_route=%2Fwp%2Fv2%2Fcomments&post=2294"}],"version-history":[{"count":1,"href":"https:\/\/iopartecipo.azionecattolica.it\/index.php?rest_route=\/wp\/v2\/posts\/2294\/revisions"}],"predecessor-version":[{"id":2296,"href":"https:\/\/iopartecipo.azionecattolica.it\/index.php?rest_route=\/wp\/v2\/posts\/2294\/revisions\/2296"}],"wp:attachment":[{"href":"https:\/\/iopartecipo.azionecattolica.it\/index.php?rest_route=%2Fwp%2Fv2%2Fmedia&parent=2294"}],"wp:term":[{"taxonomy":"category","embeddable":true,"href":"https:\/\/iopartecipo.azionecattolica.it\/index.php?rest_route=%2Fwp%2Fv2%2Fcategories&post=2294"},{"taxonomy":"post_tag","embeddable":true,"href":"https:\/\/iopartecipo.azionecattolica.it\/index.php?rest_route=%2Fwp%2Fv2%2Ftags&post=2294"}],"curies":[{"name":"wp","href":"https:\/\/api.w.org\/{rel}","templated":true}]}}