{"id":2298,"date":"2015-06-24T15:59:13","date_gmt":"2015-06-24T14:59:13","guid":{"rendered":"http:\/\/iopartecipo.azionecattolica.it\/?p=2298"},"modified":"2015-06-29T18:51:16","modified_gmt":"2015-06-29T17:51:16","slug":"buona-scuola-al-passaggio-finale-msac-preoccupazione-e-rammarico-per-gli-ultimi-sviluppi","status":"publish","type":"post","link":"https:\/\/iopartecipo.azionecattolica.it\/?p=2298","title":{"rendered":"&#8220;Buona Scuola&#8221; al passaggio finale: tutte le novit\u00e0. Msac: &#8220;preoccupazione e rammarico per gli ultimi sviluppi&#8221;."},"content":{"rendered":"<p style=\"text-align: center;\"><a href=\"http:\/\/iopartecipo.azionecattolica.it\/wp-content\/uploads\/2014\/09\/UbtXdU2x.png\"><img loading=\"lazy\" class=\"aligncenter size-medium wp-image-2110\" src=\"http:\/\/iopartecipo.azionecattolica.it\/wp-content\/uploads\/2014\/09\/UbtXdU2x-300x300.png\" alt=\"UbtXdU2x\" width=\"300\" height=\"300\" srcset=\"https:\/\/iopartecipo.azionecattolica.it\/wp-content\/uploads\/2014\/09\/UbtXdU2x-300x300.png 300w, https:\/\/iopartecipo.azionecattolica.it\/wp-content\/uploads\/2014\/09\/UbtXdU2x-150x150.png 150w, https:\/\/iopartecipo.azionecattolica.it\/wp-content\/uploads\/2014\/09\/UbtXdU2x.png 400w\" sizes=\"(max-width: 300px) 100vw, 300px\" \/><\/a><\/p>\n<p>La \u201cBuona Scuola\u201d sembra arrivata all&#8217;ultimo miglio: \u00e8 stato infatti presentato il <strong>\u201cmaxi-emendamento\u201d<\/strong> dei relatori e ieri sera il Consiglio dei Ministri ha autorizzato il ricorso al voto di fiducia su questa modifica.<!--more--> In pratica, i 26 articoli della riforma sono riscritti con un unico articolo di 209 commi contenenti tutte le misure gi\u00e0 previste dal DDL, con diverse limature e riscritture e alcune modifiche significative:<\/p>\n<ul>\n<li><strong>Diritto allo studio:<\/strong> si riconosce il ruolo della \u201cCarta dello studente\u201d come strumento identificativo dello status di studente, come avevamo richiesto; ma non si stabilisce uno specifico finanziamento, come avviene invece per la \u201cCarta del docente\u201d. Per quanto riguarda la legge quadro nazionale, rimane soltanto la norma che prevede una delega al governo in materia.<\/li>\n<li><strong>Valutazione dei docenti<\/strong>: si allarga la composizione del \u201cComitato di valutazione\u201d interno a ogni scuola: saranno infatti tre i docenti (due scelti dal Collegio docenti e uno dal Consiglio d\u2019istituto); rimangono nelle superiori un rappresentante dei genitori e uno degli studenti (molti avevano chiesto che fossero eliminati) scelti dal Consiglio d\u2019istituto e si aggiunge anche un membro esterno (scelto dall&#8217;Ufficio scolastico regionale tra i docenti, presidi o ispettori della regione) oltre al dirigente scolastico che preside il comitato. Il ruolo del Comitato resta quello di formulare i criteri, mentre la valutazione vera e propria rimane in mano ai presidi.<\/li>\n<li><strong>Valutazione dei dirigenti scolastici<\/strong>: ci sar\u00e0 una verifica triennale attraverso visite ispettive e si rimanda a una legge delega per definire in modo puntuale i criteri su cui sar\u00e0 basata, anche se sicuramente si terr\u00e0 conto di competenze gestionali, risultati raggiunti, trasparenza, correttezza, valorizzazione dell&#8217;impegno, promozione della partecipazione, ecc\u2026<\/li>\n<li><strong>School Bonus<\/strong>: arriva un tetto di 100.000 euro per le donazioni alle scuole da parte di privati e associazioni e un fondo di solidariet\u00e0 del 10% per gli istituti che ricevono donazioni inferiori alla media nazionale.<\/li>\n<li><strong>Assunzioni<\/strong>: confermate le 100.000 assunzioni in arrivo a partire da settembre: tali assunzioni avverranno secondo i &#8220;metodi tradizionali &#8221; e non per chiamata diretta da parte del dirigente. Per tutti gli altri sar\u00e0 bandito entro il primo dicembre un nuovo concorso, anche se met\u00e0 dei posti dovrebbe essere riservato ai precari, non assunti a settembre, che hanno pi\u00f9 di 36 mesi di servizio. La \u201cchiamata nominativa\u201d da parte del Preside e la divisione dei docenti negli \u201calbi territoriali\u201d saranno attive solo dal 2016\/17.<\/li>\n<\/ul>\n<p>Su questo maxi-emendamento il Senato voter\u00e0 gi\u00e0 domani, probabilmente con la fiducia (in pratica, se il Senato respinge la riforma della scuola, il Governo Renzi non ha pi\u00f9 la sfiducia e deve essere formato un nuovo Governo). Come la pensa il Msac, rispetto a queste novit\u00e0? Esprimiamo preoccupazione e rammarico. La Segreteria ha spiegato i motivi in questa breve nota:<\/p>\n<p>&nbsp;<\/p>\n<p style=\"text-align: center;\"><em><strong>Movimento Studenti di Azione Cattolica: preoccupazione e rammarico per gli sviluppi della &#8220;Buona Scuola&#8221;<\/strong><\/em><\/p>\n<p style=\"text-align: center;\"><em>Il Movimento Studenti di Azione Cattolica esprime preoccupazione e rammarico per i recenti sviluppi che coinvolgono il Disegno di legge \u201cBuona Scuola\u201d. Le nostre perplessit\u00e0 nascono tanto dal merito quanto dal metodo dei recenti passaggi politici.<\/em><\/p>\n<p style=\"text-align: center;\"><em>Nel merito, riteniamo che il maxi-emendamento presentato dai relatori, onorevoli Francesca Puglisi e Franco Conte, non recepisca le proposte che come studenti abbiamo costruito durante tutto l\u2019anno con i circoli territoriali, e presentato nelle sedi governative e parlamentari opportune (l\u2019ultima volta in Senato, durante l\u2019<a href=\"http:\/\/msac.azionecattolica.it\/intervento-msac-al-senato-27-maggio-2015\">audizione dello scorso 27 maggio<\/a>).<\/em><\/p>\n<p style=\"text-align: center;\"><em>Rispetto al metodo, non condividiamo la decisione di portare direttamente in aula un testo verosimilmente blindato dall\u2019intenzione di porre su di esso la fiducia. Riteniamo che questa decisione rappresenti una forzatura del dibattito parlamentare, che impedisce di apportare qualsiasi intervento migliorativo al testo definito dai relatori. Ci rattrista vedere come una riforma nodale per il Paese, come quella del sistema d\u2019istruzione, debba procedere in Parlamento senza la necessaria dialettica tra le parti politiche.<\/em><\/p>\n<p style=\"text-align: center;\"><em>Senz\u2019altro occorre dare una risposta alle migliaia di docenti precari storici, con i quali il Governo si \u00e8 assunto un impegno. Ma la soluzione adottata con il maxi-emendamento (assunzioni subito, ma individuazione dell\u2019organico dell\u2019autonomia e distribuzione dei docenti negli albi territoriali solo a partire dall\u2019a.s. 2016\/17) di fatto conferma quanto sostenevamo da tempo: \u00e8 possibile attuare da subito il piano assunzionale senza procedere immediatamente alla revisione dell\u2019autonomia scolastica. Dunque, qualora ci fosse la volont\u00e0 politica, esisterebbe ancora un margine per rimettere in discussione le parti della riforma maggiormente criticate e soprattutto affrontare i nodi educativi che il testo della \u201cBuona scuola\u201d non affronta (in primo luogo un serio intervento contro la dispersione scolastica e le diseguaglianze che sono fonte di fallimento formativo). Si tratta di valutazioni pacate e di buon senso, che in questi mesi abbiamo sostenuto anche insieme alle altre trentuno associazioni che hanno aderito all\u2019appello <a href=\"https:\/\/www.facebook.com\/lascuolachecambiailpaese?fref=ts\">\u201cLa scuola che cambia il Paese\u201d<\/a>, e che continuiamo a porre all\u2019attenzione del Parlamento e del Governo.<\/em><\/p>\n<p>&nbsp;<\/p>\n<p><a href=\"http:\/\/msac.azionecattolica.it\/intervento-msac-al-senato-27-maggio-2015\">Qui<\/a>\u00a0si trova il testo della nostra Audizione in Senato lo scorso 27 maggio. E <a href=\"http:\/\/msac.azionecattolica.it\/manfesto-buona-scuola\">qui<\/a> il &#8220;Manifesto della Buona Scuola&#8221; scritto durante la consultazione dai nostri circoli. Quando le premesse di questa riforma erano ben diverse.<\/p>\n","protected":false},"excerpt":{"rendered":"<p>La \u201cBuona Scuola\u201d sembra arrivata all&#8217;ultimo miglio: \u00e8 stato infatti presentato il \u201cmaxi-emendamento\u201d dei relatori e ieri sera il Consiglio dei Ministri ha autorizzato il ricorso al voto di fiducia su questa modifica.<\/p>\n","protected":false},"author":177,"featured_media":0,"comment_status":"open","ping_status":"open","sticky":false,"template":"","format":"standard","meta":[],"categories":[1],"tags":[191,163,164,170,25,172],"_links":{"self":[{"href":"https:\/\/iopartecipo.azionecattolica.it\/index.php?rest_route=\/wp\/v2\/posts\/2298"}],"collection":[{"href":"https:\/\/iopartecipo.azionecattolica.it\/index.php?rest_route=\/wp\/v2\/posts"}],"about":[{"href":"https:\/\/iopartecipo.azionecattolica.it\/index.php?rest_route=\/wp\/v2\/types\/post"}],"author":[{"embeddable":true,"href":"https:\/\/iopartecipo.azionecattolica.it\/index.php?rest_route=\/wp\/v2\/users\/177"}],"replies":[{"embeddable":true,"href":"https:\/\/iopartecipo.azionecattolica.it\/index.php?rest_route=%2Fwp%2Fv2%2Fcomments&post=2298"}],"version-history":[{"count":8,"href":"https:\/\/iopartecipo.azionecattolica.it\/index.php?rest_route=\/wp\/v2\/posts\/2298\/revisions"}],"predecessor-version":[{"id":2306,"href":"https:\/\/iopartecipo.azionecattolica.it\/index.php?rest_route=\/wp\/v2\/posts\/2298\/revisions\/2306"}],"wp:attachment":[{"href":"https:\/\/iopartecipo.azionecattolica.it\/index.php?rest_route=%2Fwp%2Fv2%2Fmedia&parent=2298"}],"wp:term":[{"taxonomy":"category","embeddable":true,"href":"https:\/\/iopartecipo.azionecattolica.it\/index.php?rest_route=%2Fwp%2Fv2%2Fcategories&post=2298"},{"taxonomy":"post_tag","embeddable":true,"href":"https:\/\/iopartecipo.azionecattolica.it\/index.php?rest_route=%2Fwp%2Fv2%2Ftags&post=2298"}],"curies":[{"name":"wp","href":"https:\/\/api.w.org\/{rel}","templated":true}]}}