{"id":2308,"date":"2015-07-06T16:42:13","date_gmt":"2015-07-06T15:42:13","guid":{"rendered":"http:\/\/iopartecipo.azionecattolica.it\/?p=2308"},"modified":"2015-07-06T16:42:55","modified_gmt":"2015-07-06T15:42:55","slug":"referendum-in-grecia-scenari-di-cambiamento-per-leuropa","status":"publish","type":"post","link":"https:\/\/iopartecipo.azionecattolica.it\/?p=2308","title":{"rendered":"Referendum in Grecia: scenari di cambiamento per l\u2019Europa"},"content":{"rendered":"<p style=\"text-align: right;\"><em>di Giovanni Mugnaini (Incaricato regionale MSAC Toscana)<\/em><\/p>\n<p><strong>\u201cDescrivi i risvolti politici ed economici del referendum greco del 5 Luglio 2015\u201d<\/strong>. Una domanda di un professore di storia alla quale gli studenti dovranno rispondere, in un futuro non molto lontano. Storia, s\u00ec, perch\u00e9 quanto accaduto ieri in Grecia e, soprattutto, le reazioni che ci saranno nei prossimi giorni, finiranno presto sui libri scolastici.<\/p>\n<p><a href=\"http:\/\/iopartecipo.azionecattolica.it\/wp-content\/uploads\/2015\/07\/festa-syntagma-680x453.jpg\"><img loading=\"lazy\" class=\"aligncenter size-medium wp-image-2309\" src=\"http:\/\/iopartecipo.azionecattolica.it\/wp-content\/uploads\/2015\/07\/festa-syntagma-680x453-300x200.jpg\" alt=\"festa-syntagma-680x453\" width=\"300\" height=\"200\" srcset=\"https:\/\/iopartecipo.azionecattolica.it\/wp-content\/uploads\/2015\/07\/festa-syntagma-680x453-300x200.jpg 300w, https:\/\/iopartecipo.azionecattolica.it\/wp-content\/uploads\/2015\/07\/festa-syntagma-680x453-624x416.jpg 624w, https:\/\/iopartecipo.azionecattolica.it\/wp-content\/uploads\/2015\/07\/festa-syntagma-680x453.jpg 680w\" sizes=\"(max-width: 300px) 100vw, 300px\" \/><\/a><\/p>\n<p>Dal 1992 a oggi molti sono stati i referendum sull\u2019Unione Europea e sull\u2019Euro, alcuni con risultati \u2018pesanti\u2019 (per esempio, il 28 Settembre 2000, il popolo danese vot\u00f2 \u201cno\u201d alla moneta unica). Ma il referendum tenutosi ieri in Grecia assume un\u2019importanza particolare. Alla popolazione greca era chiesto se volesse accettare o meno l\u2019accordo proposto dai creditori (ovvero chi ha fornito prestiti alla Grecia durante la crisi: la Banca Centrale Europea, l\u2019Unione Europea e il Fondo Monetario Internazionale): in pratica, un piano concordato di tagli e riforme per poter accedere a nuovi prestiti. <strong>Ha trionfato il \u201cno\u201d con circa il 61% dei voti<\/strong>, respingendo le proposte giudicate figlie delle politiche di \u201causterit\u00e0\u201d, ovvero di riduzione e stabilizzazione delle spese dei Paesi membri, da parte dell\u2019Unione Europea. Un risultato che apre scenari nuovi, <strong>\u201cinediti\u201d<\/strong>, come ha detto il nostro Presidente della Repubblica Sergio Mattarella, che non ha mancato di richiamare a un senso di responsabilit\u00e0 comune per cercare di trovare un accordo. Questo percorso inesplorato che da ieri sera la Grecia, come tutta l\u2019Ue, ha intrapreso rischia di diventare come l\u2019approdo dell&#8217;ultimo viaggio di Ulisse (anche lui greco, un caso?), che Dante narra nel canto 26esimo dell\u2019Inferno: un naufragio.<\/p>\n<p>Ma la Grecia, culla della civilt\u00e0 occidentale, con la vittoria del \u201cno\u201d potrebbe dare origine alla rinascita di <strong>un&#8217;Europa migliore<\/strong>. La politica di austerity sostenuta dalla Ue (e soprattutto dalla Germania) deve essere soggetta a un cambiamento, e deve essere rivista anche la politica europea. Al tavolo delle trattative della Ue si parler\u00e0 certamente di come gestire e, soprattutto, se dare degli aiuti economici alla Grecia e quindi rivedere la politica economica del Vecchio Continente. Ma si discuter\u00e0 soprattutto se tenere la Grecia nell\u2019Unione oppure no. Prima del referendum questo era un argomento \u201ctab\u00f9\u201d. Da oggi, contenti o no, c\u2019\u00e8 il dovere di prendere in considerazione quest\u2019opportunit\u00e0. Il pericolo esiste ed \u00e8 pi\u00f9 vivo che mai anche se Tsipras in primis ha pi\u00f9 volte affermato che il \u201cno\u201d non equivale a una richiesta di uscire dalla Ue.<\/p>\n<p><a href=\"http:\/\/iopartecipo.azionecattolica.it\/wp-content\/uploads\/2015\/07\/Parlamento-Europeo.jpg\"><img loading=\"lazy\" class=\"aligncenter size-medium wp-image-2310\" src=\"http:\/\/iopartecipo.azionecattolica.it\/wp-content\/uploads\/2015\/07\/Parlamento-Europeo-300x201.jpg\" alt=\"Parlamento-Europeo\" width=\"300\" height=\"201\" srcset=\"https:\/\/iopartecipo.azionecattolica.it\/wp-content\/uploads\/2015\/07\/Parlamento-Europeo-300x201.jpg 300w, https:\/\/iopartecipo.azionecattolica.it\/wp-content\/uploads\/2015\/07\/Parlamento-Europeo-1024x685.jpg 1024w, https:\/\/iopartecipo.azionecattolica.it\/wp-content\/uploads\/2015\/07\/Parlamento-Europeo-624x417.jpg 624w, https:\/\/iopartecipo.azionecattolica.it\/wp-content\/uploads\/2015\/07\/Parlamento-Europeo.jpg 2048w\" sizes=\"(max-width: 300px) 100vw, 300px\" \/><\/a><\/p>\n<p>L\u2019Unione si trova con le spalle al muro: dare aiuti alla Grecia o cacciarla? Entrambe le soluzioni hanno degli aspetti negativi. Primo perch\u00e9 espellere la Grecia danneggerebbe tutta l\u2019Unione rischiando di farla fallire. Secondo perch\u00e9 la Russia sta agendo da \u201cspettatore interessato\u201d, con Putin che ha gi\u00e0 strizzato l\u2019occhio alla Grecia, offrendole solidariet\u00e0 e il coinvolgimento di Atene nella costruzione di un tratto del gasdotto Turkish Stream in territorio greco. Uno stretto legame russo-ellenico \u00e8 un rischio da non sottovalutare.<\/p>\n<p>Dall\u2019altra parte anche Tsipras e il suo governo si trovano con le spalle al muro: l&#8217;astuta mossa politica del referendum probabilmente l&#8217;ha reso pi\u00f9 forte in Grecia e in Ue, perch\u00e9 facendo decidere al popolo ha giustificato le sue azioni dando la parola alla democrazia. Ora per\u00f2 si trova davanti a un bivio: con la vittoria ha preso il coltello dalla parte del manico, ma la punta \u00e8 rivolta verso la stessa Grecia, come una nuova spada di Damocle. Le sue promesse (alcune quasi impossibili, come quella di riaprire le banche oggi, sostenuta anche da Varoufakis, il suo ormai ex Ministro delle Finanze) adesso le deve realizzare. E se \u00e8 vero che parte del popolo greco si lamenta del fatto che Tsipras non abbia rispettato gran parte delle promesse fatte, ora non pu\u00f2 pi\u00f9 sbagliare, pena il fallimento del governo e, quel che \u00e8 peggio, dello Stato.<\/p>\n<div id=\"attachment_2311\" style=\"width: 310px\" class=\"wp-caption aligncenter\"><a href=\"http:\/\/iopartecipo.azionecattolica.it\/wp-content\/uploads\/2015\/07\/tsi.jpg\"><img aria-describedby=\"caption-attachment-2311\" loading=\"lazy\" class=\"size-medium wp-image-2311\" src=\"http:\/\/iopartecipo.azionecattolica.it\/wp-content\/uploads\/2015\/07\/tsi-300x209.jpg\" alt=\"Il primo ministro greco, Alexis Tsipras\" width=\"300\" height=\"209\" srcset=\"https:\/\/iopartecipo.azionecattolica.it\/wp-content\/uploads\/2015\/07\/tsi-300x209.jpg 300w, https:\/\/iopartecipo.azionecattolica.it\/wp-content\/uploads\/2015\/07\/tsi-624x434.jpg 624w, https:\/\/iopartecipo.azionecattolica.it\/wp-content\/uploads\/2015\/07\/tsi.jpg 800w\" sizes=\"(max-width: 300px) 100vw, 300px\" \/><\/a><p id=\"caption-attachment-2311\" class=\"wp-caption-text\">Il primo ministro greco, Alexis Tsipras<\/p><\/div>\n<p>La speranza cui dobbiamo aggrapparci \u00e8 che si possano aprire delle<strong> vere trattative<\/strong> (le dimissioni di Varoufakis, da sempre l\u2019uomo pi\u00f9 deciso del governo Tsipras potrebbero facilitarle) <strong>per cercare di trovare un accordo tra l\u2019Unione europea e la Grecia<\/strong> e che non ci sia un \u201cmuro contro muro\u201d, che le parole a caldo di ieri sera del Ministro delle Finanze tedesco Wolfgang Schaeuble presagiscono.<\/p>\n<p>Dobbiamo augurarci che ci\u00f2 non accada anche perch\u00e9 l\u2019Italia, come la Francia, non \u00e8 immune dalla crisi che si verrebbe a creare con l\u2019uscita della Grecia. Un mancato accordo sarebbe una vittoria dei nazionalismi. Potrebbero rafforzarsi fronti intransigenti e spesso demagogici che spingerebbero per un\u2019uscita dall\u2019Euro, senza valutarne le effettive conseguenze.<\/p>\n","protected":false},"excerpt":{"rendered":"<p>di Giovanni Mugnaini (Incaricato regionale MSAC Toscana) \u201cDescrivi i risvolti politici ed economici del referendum greco del 5 Luglio 2015\u201d. Una domanda di un professore di storia alla quale gli studenti dovranno rispondere, in un futuro non molto lontano. Storia, s\u00ec, perch\u00e9 quanto accaduto ieri in Grecia e, soprattutto, le reazioni che ci saranno nei [&hellip;]<\/p>\n","protected":false},"author":177,"featured_media":0,"comment_status":"open","ping_status":"open","sticky":false,"template":"","format":"standard","meta":[],"categories":[5,7,6],"tags":[],"_links":{"self":[{"href":"https:\/\/iopartecipo.azionecattolica.it\/index.php?rest_route=\/wp\/v2\/posts\/2308"}],"collection":[{"href":"https:\/\/iopartecipo.azionecattolica.it\/index.php?rest_route=\/wp\/v2\/posts"}],"about":[{"href":"https:\/\/iopartecipo.azionecattolica.it\/index.php?rest_route=\/wp\/v2\/types\/post"}],"author":[{"embeddable":true,"href":"https:\/\/iopartecipo.azionecattolica.it\/index.php?rest_route=\/wp\/v2\/users\/177"}],"replies":[{"embeddable":true,"href":"https:\/\/iopartecipo.azionecattolica.it\/index.php?rest_route=%2Fwp%2Fv2%2Fcomments&post=2308"}],"version-history":[{"count":2,"href":"https:\/\/iopartecipo.azionecattolica.it\/index.php?rest_route=\/wp\/v2\/posts\/2308\/revisions"}],"predecessor-version":[{"id":2313,"href":"https:\/\/iopartecipo.azionecattolica.it\/index.php?rest_route=\/wp\/v2\/posts\/2308\/revisions\/2313"}],"wp:attachment":[{"href":"https:\/\/iopartecipo.azionecattolica.it\/index.php?rest_route=%2Fwp%2Fv2%2Fmedia&parent=2308"}],"wp:term":[{"taxonomy":"category","embeddable":true,"href":"https:\/\/iopartecipo.azionecattolica.it\/index.php?rest_route=%2Fwp%2Fv2%2Fcategories&post=2308"},{"taxonomy":"post_tag","embeddable":true,"href":"https:\/\/iopartecipo.azionecattolica.it\/index.php?rest_route=%2Fwp%2Fv2%2Ftags&post=2308"}],"curies":[{"name":"wp","href":"https:\/\/api.w.org\/{rel}","templated":true}]}}