{"id":2314,"date":"2015-07-13T17:05:54","date_gmt":"2015-07-13T16:05:54","guid":{"rendered":"http:\/\/iopartecipo.azionecattolica.it\/?p=2314"},"modified":"2015-07-13T17:05:54","modified_gmt":"2015-07-13T16:05:54","slug":"la-buona-scuola-e-legge-che-cosa-ce-che-cosa-manca","status":"publish","type":"post","link":"https:\/\/iopartecipo.azionecattolica.it\/?p=2314","title":{"rendered":"La &#8220;buona scuola&#8221; \u00e8 legge. Che cosa c&#8217;\u00e8, che cosa manca?"},"content":{"rendered":"<p>Il 9 luglio, la Camera dei Deputati ha approvato la &#8220;buona scuola&#8221;. Che cosa comprende il provvedimento che dall&#8217;anno prossimo cambier\u00e0 alcuni aspetti nella vita delle nostre scuole? Il nostro delegato al MIUR, Andrea, ce lo spiega con un grafico&#8230;<br \/>\n<a href=\"http:\/\/iopartecipo.azionecattolica.it\/wp-content\/uploads\/2015\/07\/BS1.png\"><img loading=\"lazy\" class=\"aligncenter wp-image-2316 size-full\" src=\"http:\/\/iopartecipo.azionecattolica.it\/wp-content\/uploads\/2015\/07\/BS1.png\" alt=\"BS1\" width=\"739\" height=\"519\" srcset=\"https:\/\/iopartecipo.azionecattolica.it\/wp-content\/uploads\/2015\/07\/BS1.png 739w, https:\/\/iopartecipo.azionecattolica.it\/wp-content\/uploads\/2015\/07\/BS1-300x211.png 300w, https:\/\/iopartecipo.azionecattolica.it\/wp-content\/uploads\/2015\/07\/BS1-624x438.png 624w\" sizes=\"(max-width: 739px) 100vw, 739px\" \/><\/a><\/p>\n<p>&nbsp;<\/p>\n<p>&#8230;e qualche parola di spiegazione.<\/p>\n<p style=\"text-align: center;\"><a href=\"http:\/\/iopartecipo.azionecattolica.it\/wp-content\/uploads\/2015\/07\/Lbs2.png\"><img loading=\"lazy\" class=\"aligncenter size-full wp-image-2321\" src=\"http:\/\/iopartecipo.azionecattolica.it\/wp-content\/uploads\/2015\/07\/Lbs2.png\" alt=\"Lbs2\" width=\"1024\" height=\"758\" srcset=\"https:\/\/iopartecipo.azionecattolica.it\/wp-content\/uploads\/2015\/07\/Lbs2.png 1024w, https:\/\/iopartecipo.azionecattolica.it\/wp-content\/uploads\/2015\/07\/Lbs2-300x222.png 300w, https:\/\/iopartecipo.azionecattolica.it\/wp-content\/uploads\/2015\/07\/Lbs2-624x462.png 624w\" sizes=\"(max-width: 1024px) 100vw, 1024px\" \/><\/a><\/p>\n<p style=\"text-align: center;\">\n<p style=\"text-align: center;\"><a href=\"http:\/\/iopartecipo.azionecattolica.it\/wp-content\/uploads\/2015\/07\/Lbs3.png\"><img loading=\"lazy\" class=\"aligncenter size-full wp-image-2322\" src=\"http:\/\/iopartecipo.azionecattolica.it\/wp-content\/uploads\/2015\/07\/Lbs3.png\" alt=\"Lbs3\" width=\"682\" height=\"694\" srcset=\"https:\/\/iopartecipo.azionecattolica.it\/wp-content\/uploads\/2015\/07\/Lbs3.png 682w, https:\/\/iopartecipo.azionecattolica.it\/wp-content\/uploads\/2015\/07\/Lbs3-295x300.png 295w, https:\/\/iopartecipo.azionecattolica.it\/wp-content\/uploads\/2015\/07\/Lbs3-624x635.png 624w\" sizes=\"(max-width: 682px) 100vw, 682px\" \/><\/a><\/p>\n<p style=\"text-align: center;\">\n<p style=\"text-align: left;\">Che ne pensa il Msac della riforma? Il nostro segretario, Gioele, ne ha parlato con il quotidiano Avvenire:<\/p>\n<p style=\"text-align: center;\"><a href=\"http:\/\/iopartecipo.azionecattolica.it\/wp-content\/uploads\/2015\/07\/Avv_Stud.png\"><img loading=\"lazy\" class=\"aligncenter size-full wp-image-2319\" src=\"http:\/\/iopartecipo.azionecattolica.it\/wp-content\/uploads\/2015\/07\/Avv_Stud.png\" alt=\"Avv_Stud\" width=\"305\" height=\"749\" srcset=\"https:\/\/iopartecipo.azionecattolica.it\/wp-content\/uploads\/2015\/07\/Avv_Stud.png 305w, https:\/\/iopartecipo.azionecattolica.it\/wp-content\/uploads\/2015\/07\/Avv_Stud-122x300.png 122w\" sizes=\"(max-width: 305px) 100vw, 305px\" \/><\/a><\/p>\n<p style=\"text-align: left;\">Secondo noi, insomma, si poteva fare di pi\u00f9, e lo abbiamo sostenuto durante tutto il percorso di discussione. Quel che \u00e8 certo \u00e8 che ora si apre una nuova fase: la &#8220;buona scuola&#8221; dovr\u00e0 essere attuata, dentro le scuole, e per questo saranno protagonisti gli studenti, gli insegnanti, i genitori, i dirigenti scolastici.<\/p>\n","protected":false},"excerpt":{"rendered":"<p>Il 9 luglio, la Camera dei Deputati ha approvato la &#8220;buona scuola&#8221;. Che cosa comprende il provvedimento che dall&#8217;anno prossimo cambier\u00e0 alcuni aspetti nella vita delle nostre scuole? Il nostro delegato al MIUR, Andrea, ce lo spiega con un grafico&#8230; &nbsp; &#8230;e qualche parola di spiegazione. Che ne pensa il Msac della riforma? Il nostro [&hellip;]<\/p>\n","protected":false},"author":177,"featured_media":0,"comment_status":"open","ping_status":"open","sticky":false,"template":"","format":"standard","meta":[],"categories":[5,7,6,3,1,13],"tags":[164,25],"_links":{"self":[{"href":"https:\/\/iopartecipo.azionecattolica.it\/index.php?rest_route=\/wp\/v2\/posts\/2314"}],"collection":[{"href":"https:\/\/iopartecipo.azionecattolica.it\/index.php?rest_route=\/wp\/v2\/posts"}],"about":[{"href":"https:\/\/iopartecipo.azionecattolica.it\/index.php?rest_route=\/wp\/v2\/types\/post"}],"author":[{"embeddable":true,"href":"https:\/\/iopartecipo.azionecattolica.it\/index.php?rest_route=\/wp\/v2\/users\/177"}],"replies":[{"embeddable":true,"href":"https:\/\/iopartecipo.azionecattolica.it\/index.php?rest_route=%2Fwp%2Fv2%2Fcomments&post=2314"}],"version-history":[{"count":2,"href":"https:\/\/iopartecipo.azionecattolica.it\/index.php?rest_route=\/wp\/v2\/posts\/2314\/revisions"}],"predecessor-version":[{"id":2323,"href":"https:\/\/iopartecipo.azionecattolica.it\/index.php?rest_route=\/wp\/v2\/posts\/2314\/revisions\/2323"}],"wp:attachment":[{"href":"https:\/\/iopartecipo.azionecattolica.it\/index.php?rest_route=%2Fwp%2Fv2%2Fmedia&parent=2314"}],"wp:term":[{"taxonomy":"category","embeddable":true,"href":"https:\/\/iopartecipo.azionecattolica.it\/index.php?rest_route=%2Fwp%2Fv2%2Fcategories&post=2314"},{"taxonomy":"post_tag","embeddable":true,"href":"https:\/\/iopartecipo.azionecattolica.it\/index.php?rest_route=%2Fwp%2Fv2%2Ftags&post=2314"}],"curies":[{"name":"wp","href":"https:\/\/api.w.org\/{rel}","templated":true}]}}