{"id":2325,"date":"2015-09-17T09:24:13","date_gmt":"2015-09-17T08:24:13","guid":{"rendered":"http:\/\/iopartecipo.azionecattolica.it\/?p=2325"},"modified":"2015-09-17T09:24:13","modified_gmt":"2015-09-17T08:24:13","slug":"sale-luce-e-profumo-per-le-nostre-scuole-14-09-2015","status":"publish","type":"post","link":"https:\/\/iopartecipo.azionecattolica.it\/?p=2325","title":{"rendered":"Sale, luce e profumo per le nostre scuole (14.09.2015)"},"content":{"rendered":"<p><em>Posted on Facebook &#8211; <a href=\"https:\/\/www.facebook.com\/Movimento-Studenti-Azione-Cattolica-1658770397691443\/timeline\/\">Movimento Studenti Azione Cattolica<\/a>\u00a0&#8211; 14\/09\/2015 h.2:26<\/em><\/p>\n<p>\u00c8 famosa la notte prima degli esami. Ma a noi piace il cambiamento, e quindi pubblichiamo un post nella notte prima del primo giorno di scuola.<\/p>\n<p>Con il tempo si impara, dicono. Eppure possono passare i cinque anni delle superiori senza che la scuola ci cambi, senza che ci formi come donne e uomini pensanti. In fondo non \u00e8 lo scorrere dei minuti che ci aiuta ad apprendere una pagina di storia. Il tempo, se non siamo disposti a viverlo da protagonisti, rimane un contenitore delle nostre noie quotidiane. Domani ricomincia un anno di scuola, <strong>tu che da parte starai?<\/strong> Sarai un osservatore distratto di ci\u00f2 che accade o sarai tu a incidere sulla realt\u00e0 che ti circonda?<br \/>\nCon tutto il cuore vi auguriamo di essere <strong>sale, luce e profumo per le vostre scuole.<\/strong> Che ogni giorno sia buono per dare sapore a quella lezione che sembra insipida, se non \u00e8 insaporita dalla vostra curiosit\u00e0. Che ogni giorno sia buono, per illuminare con la verit\u00e0 ogni occasione di dialogo con i compagni. Che ogni giorno profumi del vostro coraggio nelle assemblee studentesche, che a volte sanno di muffa e hanno bisogno di aria nuova. Se vissuto cos\u00ec, ogni giorno sar\u00e0 buono per realizzare in tutte le nostre scuole\u2026l\u2019 Anno della Partecipazione! Buon inizio a tutti gli studenti, msacchini e non. E ricordate da domani come si inizia\u2026da domani\u2026 <strong>DON\u2019T HATE, PARTICIPATE!<\/strong><\/p>\n<p>Ade, Gi\u00f2, Rosa, Matte, don Mic e l&#8217;\u00e9quipe<\/p>\n","protected":false},"excerpt":{"rendered":"<p>Posted on Facebook &#8211; Movimento Studenti Azione Cattolica\u00a0&#8211; 14\/09\/2015 h.2:26 \u00c8 famosa la notte prima degli esami. Ma a noi piace il cambiamento, e quindi pubblichiamo un post nella notte prima del primo giorno di scuola. Con il tempo si impara, dicono. Eppure possono passare i cinque anni delle superiori senza che la scuola ci [&hellip;]<\/p>\n","protected":false},"author":177,"featured_media":0,"comment_status":"open","ping_status":"open","sticky":false,"template":"","format":"standard","meta":[],"categories":[6],"tags":[],"_links":{"self":[{"href":"https:\/\/iopartecipo.azionecattolica.it\/index.php?rest_route=\/wp\/v2\/posts\/2325"}],"collection":[{"href":"https:\/\/iopartecipo.azionecattolica.it\/index.php?rest_route=\/wp\/v2\/posts"}],"about":[{"href":"https:\/\/iopartecipo.azionecattolica.it\/index.php?rest_route=\/wp\/v2\/types\/post"}],"author":[{"embeddable":true,"href":"https:\/\/iopartecipo.azionecattolica.it\/index.php?rest_route=\/wp\/v2\/users\/177"}],"replies":[{"embeddable":true,"href":"https:\/\/iopartecipo.azionecattolica.it\/index.php?rest_route=%2Fwp%2Fv2%2Fcomments&post=2325"}],"version-history":[{"count":1,"href":"https:\/\/iopartecipo.azionecattolica.it\/index.php?rest_route=\/wp\/v2\/posts\/2325\/revisions"}],"predecessor-version":[{"id":2326,"href":"https:\/\/iopartecipo.azionecattolica.it\/index.php?rest_route=\/wp\/v2\/posts\/2325\/revisions\/2326"}],"wp:attachment":[{"href":"https:\/\/iopartecipo.azionecattolica.it\/index.php?rest_route=%2Fwp%2Fv2%2Fmedia&parent=2325"}],"wp:term":[{"taxonomy":"category","embeddable":true,"href":"https:\/\/iopartecipo.azionecattolica.it\/index.php?rest_route=%2Fwp%2Fv2%2Fcategories&post=2325"},{"taxonomy":"post_tag","embeddable":true,"href":"https:\/\/iopartecipo.azionecattolica.it\/index.php?rest_route=%2Fwp%2Fv2%2Ftags&post=2325"}],"curies":[{"name":"wp","href":"https:\/\/api.w.org\/{rel}","templated":true}]}}