{"id":2328,"date":"2015-09-28T23:24:37","date_gmt":"2015-09-28T22:24:37","guid":{"rendered":"http:\/\/iopartecipo.azionecattolica.it\/?p=2328"},"modified":"2015-09-29T08:40:23","modified_gmt":"2015-09-29T07:40:23","slug":"rappresentanti-di-classeistitutoconsulta-insieme-e-piu-bello-e-nata-la-tfr-msac","status":"publish","type":"post","link":"https:\/\/iopartecipo.azionecattolica.it\/?p=2328","title":{"rendered":"Rappresentanti di classe\/istituto\/Consulta? Insieme \u00e8 pi\u00f9 bello! (\u00c8 nata la &#8220;TFR&#8221; Msac)"},"content":{"rendered":"<p>Cari Segretari e referenti legislativi,<\/p>\n<p>anche quest\u2019anno settembre \u00e8 arrivato! \u00c8 ora di rispolverare libri e quaderni e controllare di avere tutta la cancelleria nell\u2019astuccio.<\/p>\n<p>Ma dopo la Mo.Ca di Rimini e il campo nazionale a Molfetta, ormai \u00e8 chiaro: quest\u2019anno il MSAC non vuole spolverare solamente quaderni e penne, ma vuol tirare a lucido quella <strong>stramaledetta voglia di #partecipare<\/strong> che troppe volte \u00e8 rimasta coperta dalla polvere del pregiudizio che sia complicato, inutile e superfluo: per il MSAC ha inizio lo straordinario <strong>Anno della Partecipazione!<\/strong><\/p>\n<p><a href=\"http:\/\/iopartecipo.azionecattolica.it\/wp-content\/uploads\/2015\/09\/Locandina-MSAC-01.png\"><img loading=\"lazy\" class=\"aligncenter  wp-image-2330\" src=\"http:\/\/iopartecipo.azionecattolica.it\/wp-content\/uploads\/2015\/09\/Locandina-MSAC-01.png\" alt=\"Locandina MSAC-01\" width=\"477\" height=\"675\" srcset=\"https:\/\/iopartecipo.azionecattolica.it\/wp-content\/uploads\/2015\/09\/Locandina-MSAC-01.png 2480w, https:\/\/iopartecipo.azionecattolica.it\/wp-content\/uploads\/2015\/09\/Locandina-MSAC-01-212x300.png 212w, https:\/\/iopartecipo.azionecattolica.it\/wp-content\/uploads\/2015\/09\/Locandina-MSAC-01-724x1024.png 724w, https:\/\/iopartecipo.azionecattolica.it\/wp-content\/uploads\/2015\/09\/Locandina-MSAC-01-624x883.png 624w\" sizes=\"(max-width: 477px) 100vw, 477px\" \/><\/a><\/p>\n<p>Dal campo nazionale abbiamo iniziato a capire com\u2019\u00e8 necessario muoverci per rianimare la partecipazione: \u00e8 necessario un <strong>\u201cnuovo umanesimo\u201d degli organi collegiali<\/strong>. Basta con i contenitori vuoti, \u00e8 giunto il momento di tornare ad abitare quegli spazi di partecipazione che ci sono dati, ed \u00e8 giusto tornare a scoprire la bellezza di una partecipazione vera.<\/p>\n<p>A volte, tuttavia, abbiamo\u00a0semplicemente\u00a0paura di non farcela. Se \u00e8 cos\u00ec\u2026allora non dobbiamo pi\u00f9 temere: \u00e8 nata la <strong>Task Force Rappresentanza (TFR) Msac!<\/strong><\/p>\n<p>Fanno parte della TFR 5 amici che conoscete bene:<\/p>\n<p><em>Andrea Facciolo<\/em>, 20 anni, diocesi di Alessandria, incaricato regionale del Piemonte-Valle d\u2019Aosta e delegato del MSAC al Forum delle associazioni studentesche presso il MIUR.<\/p>\n<p><em>Marianna Occhipinti<\/em>, 23 anni, diocesi di Ragusa, incaricata regionale della Sicilia.<\/p>\n<p><em>Francesco Caputo<\/em>, 19 anni, diocesi di Lecce, segretario diocesano MSAC.<\/p>\n<p><em>Emanuela Gitto<\/em>, 19 anni, diocesi di Messina, segretaria diocesana MSAC.<\/p>\n<p><em>Lorenzo Zardi<\/em>, 20 anni, diocesi di Imola, segretario diocesano MSAC.<\/p>\n<p><a href=\"http:\/\/iopartecipo.azionecattolica.it\/wp-content\/uploads\/2015\/09\/393287958857-1433879113.jpg\"><img loading=\"lazy\" class=\"aligncenter  wp-image-2329\" src=\"http:\/\/iopartecipo.azionecattolica.it\/wp-content\/uploads\/2015\/09\/393287958857-1433879113.jpg\" alt=\"393287958857-1433879113\" width=\"454\" height=\"454\" srcset=\"https:\/\/iopartecipo.azionecattolica.it\/wp-content\/uploads\/2015\/09\/393287958857-1433879113.jpg 640w, https:\/\/iopartecipo.azionecattolica.it\/wp-content\/uploads\/2015\/09\/393287958857-1433879113-150x150.jpg 150w, https:\/\/iopartecipo.azionecattolica.it\/wp-content\/uploads\/2015\/09\/393287958857-1433879113-300x300.jpg 300w, https:\/\/iopartecipo.azionecattolica.it\/wp-content\/uploads\/2015\/09\/393287958857-1433879113-624x624.jpg 624w\" sizes=\"(max-width: 454px) 100vw, 454px\" \/><\/a><\/p>\n<p>Lo scopo della TFR sar\u00e0:<\/p>\n<ul>\n<li><strong>Fare rete<\/strong>. Siamo tutti MSACchini e tutti ci stiamo mettendo al servizio delle nostre scuole; allora mettiamo in condivisione sia le cose che non vanno sia quelle che funzionano per vivere una grande esperienza di rappresentanza condivisa. <strong>Fare rete \u00e8 una possibilit\u00e0 in pi\u00f9 che il MSAC ci permette di vivere, grazie alla nostra natura di associazione studentesca nazionale.<\/strong> E allora vogliamo che questa possibilit\u00e0 in pi\u00f9 diventi una ricchezza, perch\u00e9 l\u2019esperienza di una rappresentante di Otranto pu\u00f2 diventare ricchezza per uno di Trieste e viceversa. Facendo rete faremo in modo che le scuole di tutta Italia crescano insieme in partecipazione attiva!<\/li>\n<li><strong>Essere vicini<\/strong> e <strong>accompagnare<\/strong>. La TFR vuole accompagnare lungo tutto l\u2019anno l\u2019attivit\u00e0 nelle scuole degli MSACchini che decidono di impegnarsi nel servizio della rappresentanza. Non ve lo nascondiamo, tra le bellezze dell\u2019essere rappresentanti <strong>ci saranno anche momenti di difficolt\u00e0 ma insieme si possono risolvere<\/strong>; la TFR ci sar\u00e0 apposta per sentire tutti i rappresentanti, per dare consigli, per affrontare insieme le problematiche. Con sfaccettature diverse, nel fare il rappresentante a Palermo, a Lecce, a Roma, a Torino o a Trieste, si incontrano le medesime difficolt\u00e0: allora, affrontiamole insieme!<\/li>\n<li><strong>Supportare <\/strong>la candidatura. Noi non solo pensiamo ma crediamo fermamente che ogni MSACchino d\u2019Italia possa essere un valido rappresentante per la propria classe, per il proprio istituto e presso la consulta provinciale. Ne abbiamo la certezza perch\u00e9 <strong>uno studente tra i 14 e i 19 che dice \u201cI Care\u201d alla propria scuola \u00e8 pronto a prendersi una responsabilit\u00e0.<\/strong><\/li>\n<\/ul>\n<p><a href=\"http:\/\/iopartecipo.azionecattolica.it\/wp-content\/uploads\/2015\/05\/cosenza.png\"><img loading=\"lazy\" class=\"aligncenter size-full wp-image-2207\" src=\"http:\/\/iopartecipo.azionecattolica.it\/wp-content\/uploads\/2015\/05\/cosenza.png\" alt=\"cosenza\" width=\"315\" height=\"419\" srcset=\"https:\/\/iopartecipo.azionecattolica.it\/wp-content\/uploads\/2015\/05\/cosenza.png 315w, https:\/\/iopartecipo.azionecattolica.it\/wp-content\/uploads\/2015\/05\/cosenza-225x300.png 225w\" sizes=\"(max-width: 315px) 100vw, 315px\" \/><\/a><\/p>\n<p><strong>\u00a0<\/strong>La Task Force Rappresentanza sta operando concretamente per fornire materiali a tutti gli msacchini desiderosi di vivere al meglio l\u2019Anno della Partecipazione. In particolare, con 3 diversi strumenti:<\/p>\n<ul>\n<li><strong>AB.(OO.C)C<\/strong>. Preparazione di un formato di incontro sull\u2019ABC degli organi collegiali da proporre nelle scuole di tutta Italia. Con questo incontro, pensato per le classi prime e seconde, ma in generale per tutti gli \u201canalfabeti\u201d di organi collegiali, vorremmo iniziare l\u2019anno partendo dalle basi: quali sono e come funzionano i nostri spazi della partecipazione.<\/li>\n<li><strong>Assemblea sulla partecipazione<\/strong>. A volte le tematiche affrontate nelle nostre assemblee sono scontate, banali, sempre le stesse, poco interessanti, e per questo le assemblee stesse sono scarsamente partecipate. Il cruccio principale dei rappresentanti rimane sempre quello di trovare tematiche accattivanti per incrementare la partecipazione attiva dei suoi compagni. E allora la TFR, unendo le due cose, penser\u00e0 per il nuovo anno a un format di assemblea proprio sulla partecipazione che ogni singolo rappresentante potr\u00e0 proporre come tematica per la propria classe o il proprio istituto.<\/li>\n<li><strong>Professione rappresentante<\/strong>. Non sar\u00e0 pronto nell\u2019immediato ma certamente all\u2019SFS sar\u00e0 lanciato \u201cProfessione rappresentante\u201d, un nuovo fascicolo targato MSAC che sar\u00e0 complementare a \u201cProfessione studente\u201d. In particolare in \u201cProfessione rappresentante\u201d la TFR andr\u00e0 a inserire quelli che sono i consigli pratici per fare il rappresentante nel migliore dei modi. \u201cProfessione rappresentante\u201d vuole essere un manuale che al bisogno pu\u00f2 essere consultato per ricevere praticit\u00e0 di consigli e condivisione di esperienze gi\u00e0<\/li>\n<\/ul>\n<p><a href=\"http:\/\/iopartecipo.azionecattolica.it\/wp-content\/uploads\/2010\/04\/coverprofstud.jpg\"><img loading=\"lazy\" class=\"aligncenter  wp-image-1088\" src=\"http:\/\/iopartecipo.azionecattolica.it\/wp-content\/uploads\/2010\/04\/coverprofstud.jpg\" alt=\"coverProfStud_1a_4a:Layout 1\" width=\"364\" height=\"512\" srcset=\"https:\/\/iopartecipo.azionecattolica.it\/wp-content\/uploads\/2010\/04\/coverprofstud.jpg 1764w, https:\/\/iopartecipo.azionecattolica.it\/wp-content\/uploads\/2010\/04\/coverprofstud-213x300.jpg 213w\" sizes=\"(max-width: 364px) 100vw, 364px\" \/><\/a><\/p>\n<p>La modalit\u00e0 con cui la TFR operer\u00e0 per essere vicina a tutti richieder\u00e0 un impegno da parte di tutte le diocesi: quello che vorremmo \u00e8 costruire un gruppo di persone da tutta Italia, e per questo sarebbe molto importante che ogni circolo nominasse il suo referente legislativo!<\/p>\n<ul>\n<li>Cari <strong>segretari<\/strong>, non potete \u201cmorire di lavoro\u201d per l\u2019AC e per il MSAC. Perci\u00f2 sono due le richieste che vi facciamo:\n<ol>\n<li>in questo periodo potete <strong>inviarci schedari con tutti i numeri<\/strong> delle persone che anche solo vagamente hanno intenzione di provare a candidarsi (prima, naturalmente, chiedete il loro consenso! J). Possibilmente sarebbe utile che oltre a nome, cognome, numero di telefono e email ci indicaste anche a quale servizio intendano candidarsi (classe, istituto o consulta). Una volta che avremo tutti i numeri noi potremo contattare loro in diversi modi (studieremo quello pi\u00f9 efficace, perch\u00e9 non un bel gruppone Whats App?)<\/li>\n<li><strong>nominate un referente legislativo. <\/strong>Questa attenzione che il MSAC ha sempre avuto ora sar\u00e0 pi\u00f9 utile che mai e diventer\u00e0 fondamentale per la sostenibilit\u00e0 della rappresentanza. Vi spieghiamo perch\u00e9 nel punto sotto, quello per i Referenti legislativi.<\/li>\n<\/ol>\n<\/li>\n<\/ul>\n<ul>\n<li>Cari <strong>Referenti legislativi<\/strong>, ci piacerebbe\u00a0che foste voi a seguire pi\u00f9 da vicino la questione rappresentanza. Il compito potrebbe risultare anche molto dispendioso perci\u00f2, siccome anche voi avete una vita, potreste anche chiedere all\u2019\u00e9quipe di dispensarvi da ogni altra attivit\u00e0 strettamente organizzativa. Il compito che vi viene richiesto \u00e8 quello di sostenere e accompagnare le persone o le liste con studenti MSACchini e fare da tramite tra loro e l\u2019equipe. \u00c8 importante che durante l\u2019anno i rappresentanti non siano mai lasciati soli e abbiano \u2013 oltre al vostro sostegno e aiuto \u2013 anche quello della lista e\/o in generale quelli degli MSACchini del loro istituto. Vostro compito pertanto potrebbe essere\u00a0di organizzare insieme ai rappresentanti riunioni periodiche con gli MSACchini dell\u2019istituto, per fare in modo che la responsabilit\u00e0 rimanga unica ma condivisa. Inoltre come referenti avrete il compito di riferire a tutta l\u2019equipe le attivit\u00e0 delle singole scuole.<strong>\u00a0<\/strong><\/li>\n<\/ul>\n<ul>\n<li>Cari <strong>segretari e referenti <\/strong>il servizio che vogliamo costruire insieme si rivolge anche a tutti i giovanissimi interessati delle vostre diocesi, anche se non partecipano direttamente alle attivit\u00e0 del MSAC. Vi chiediamo quindi di coinvolgerli e di segnalarceli (analogamente a quanto abbiamo appena scritto per i vostri circoli), accordandovi e parlandone con l&#8217;\u00e9quipe giovani della vostra diocesi.<\/li>\n<\/ul>\n<p>Per seguire al meglio i rappresentanti all\u2019interno della TFR ci siamo suddivisi le diverse tipologie di rappresentanza da seguire: Francesco Caputo e Marianna Occhipinti si occuperanno della rappresentanza di classe, sempre Francesco e Lorenzo Zardi della rappresentanza d\u2019istituto e Emanuela Gitto e Andrea Facciolo si occuperanno della consulta.<\/p>\n<p>Marianna Occhipinti 3335909217<\/p>\n<p>Andrea Facciolo 3287958857<\/p>\n<p>Francesco Caputo 3334382979<\/p>\n<p>Emanuela Gitto 3455922505<\/p>\n<p>Lorenzo Zardi 3487852463<\/p>\n<p>In bocca al lupo, e buon Anno della Partecipazione!!!<\/p>\n<p style=\"text-align: right;\">Mari, Andre, Manu, Fra, Lollo<\/p>\n","protected":false},"excerpt":{"rendered":"<p>Cari Segretari e referenti legislativi, anche quest\u2019anno settembre \u00e8 arrivato! \u00c8 ora di rispolverare libri e quaderni e controllare di avere tutta la cancelleria nell\u2019astuccio. Ma dopo la Mo.Ca di Rimini e il campo nazionale a Molfetta, ormai \u00e8 chiaro: quest\u2019anno il MSAC non vuole spolverare solamente quaderni e penne, ma vuol tirare a lucido [&hellip;]<\/p>\n","protected":false},"author":177,"featured_media":0,"comment_status":"open","ping_status":"open","sticky":false,"template":"","format":"standard","meta":[],"categories":[9,7],"tags":[193,23,22,194,192],"_links":{"self":[{"href":"https:\/\/iopartecipo.azionecattolica.it\/index.php?rest_route=\/wp\/v2\/posts\/2328"}],"collection":[{"href":"https:\/\/iopartecipo.azionecattolica.it\/index.php?rest_route=\/wp\/v2\/posts"}],"about":[{"href":"https:\/\/iopartecipo.azionecattolica.it\/index.php?rest_route=\/wp\/v2\/types\/post"}],"author":[{"embeddable":true,"href":"https:\/\/iopartecipo.azionecattolica.it\/index.php?rest_route=\/wp\/v2\/users\/177"}],"replies":[{"embeddable":true,"href":"https:\/\/iopartecipo.azionecattolica.it\/index.php?rest_route=%2Fwp%2Fv2%2Fcomments&post=2328"}],"version-history":[{"count":2,"href":"https:\/\/iopartecipo.azionecattolica.it\/index.php?rest_route=\/wp\/v2\/posts\/2328\/revisions"}],"predecessor-version":[{"id":2332,"href":"https:\/\/iopartecipo.azionecattolica.it\/index.php?rest_route=\/wp\/v2\/posts\/2328\/revisions\/2332"}],"wp:attachment":[{"href":"https:\/\/iopartecipo.azionecattolica.it\/index.php?rest_route=%2Fwp%2Fv2%2Fmedia&parent=2328"}],"wp:term":[{"taxonomy":"category","embeddable":true,"href":"https:\/\/iopartecipo.azionecattolica.it\/index.php?rest_route=%2Fwp%2Fv2%2Fcategories&post=2328"},{"taxonomy":"post_tag","embeddable":true,"href":"https:\/\/iopartecipo.azionecattolica.it\/index.php?rest_route=%2Fwp%2Fv2%2Ftags&post=2328"}],"curies":[{"name":"wp","href":"https:\/\/api.w.org\/{rel}","templated":true}]}}