{"id":2333,"date":"2015-10-01T11:16:21","date_gmt":"2015-10-01T10:16:21","guid":{"rendered":"http:\/\/iopartecipo.azionecattolica.it\/?p=2333"},"modified":"2015-10-01T11:16:21","modified_gmt":"2015-10-01T10:16:21","slug":"diritto-al-futuro-un-punto-di-partenza","status":"publish","type":"post","link":"https:\/\/iopartecipo.azionecattolica.it\/?p=2333","title":{"rendered":"Diritto al futuro: un punto di partenza"},"content":{"rendered":"<p><a href=\"http:\/\/iopartecipo.azionecattolica.it\/wp-content\/uploads\/2015\/10\/banner_PeD.jpg\"><img loading=\"lazy\" class=\"aligncenter size-full wp-image-2334\" src=\"http:\/\/iopartecipo.azionecattolica.it\/wp-content\/uploads\/2015\/10\/banner_PeD.jpg\" alt=\"banner_PeD\" width=\"235\" height=\"130\" \/><\/a><\/p>\n<p>di <em>Ettore Gravina, Msac Benevento<\/em><\/p>\n<p>Anche quest\u2019anno come ogni anno si \u00e8 svolto il campo nazionale del Movimento Studenti di Azione Cattolica (MSAC), dal 4 al 9 agosto a Molfetta (BR), dal titolo \u201cDIRITTO AL FUTURO\u201d.<\/p>\n<p>Il tema, come ci ha spiegato il segretario nazionale Gioele Anni, \u00e8 stato estrapolato dal discorso di insediamento del Presidente della Repubblica, Sergio Mattarella, snodato in vari punti e ovviamente rivolto al mondo a noi pi\u00f9 vicino, la SCUOLA.<\/p>\n<p>Le giornate sono state intense, frenetiche e piene di ricordi; le tematiche trattate nei vari giorni e nei gruppi di lavoro ci hanno formato su ci\u00f2 che costituisce la nostra scuola italiana e il rapporto che noi studenti dobbiamo avere con essa. Il nostro futuro\u2026 i nostri sogni\u2026 le nostre preoccupazioni\u2026 calate e confrontate con studenti venuti da ogni parte d\u2019Italia.<\/p>\n<p>L\u2019esperienza vissuta \u00e8 stata piena di emozioni, l\u2019ansia di non sapere cosa ti aspettava o chi avresti trovato ha preso il sopravvento fin quando non siamo entrati nella struttura e l\u2019impatto \u00e8 stato altamente positivo, trovarsi di fronte centinaia di ragazzi dai cui occhi traspariva gioia, entusiasmo, vogli di sapere, di capire, tutti uniti da un unico scopo quello di confrontarsi.<\/p>\n<p>Per noi della diocesi di Benevento l\u2019esperienza \u00e8 stata ancora pi\u00f9 forte in quanto abbiamo potuto confrontarci con circoli un po\u2019 pi\u00f9 \u201cmaturi\u201d e capire come muoverci in questa nuova esperienza e come raggiungere il nostro obbiettivo: far sentire la voce di ogni singolo studente.<\/p>\n<p>E\u2019 stata questa l\u2019emozione pi\u00f9 forte\u2026 s\u00ec perch\u00e9 \u00e8 confrontandosi che si cresce e si riesce a capire come mettersi in movimento, e come agire nel concreto nelle proprie realt\u00e0 territoriali.<\/p>\n<p>Altra emozione \u00e8 stata la \u201cconoscenza\u201d. Conoscere nuove persone, nuovi studenti con le stesse ideologie con lo stesso obiettivo: quello di creare una scuola a forma di studente\u2026 avendo sempre presente il motto di Don Lorenzo Milani che accomuna tutti noi msacchini:\u201d I CARE\u201d \u2026 mi interessa, mi sta a cuore.<\/p>\n<p>Certo, il tutto parte da questo motto, che in due battute esplica ci\u00f2 che un msacchino ma dapprima un cristiano aderente ad una associazione debba avere.<\/p>\n<p>L\u2019impegno sar\u00e0 grande, come sar\u00e0 grande la mole di lavoro che bisogner\u00e0 affrontare per far s\u00ec che il MSAC prenda il volo nella mia realt\u00e0 diocesana, ma tutto ci\u00f2 non ci spaventa\u2026 La forza, la gioia e l\u2019entusiasmo che il campo e tutti gli msacchini partecipanti hanno destato \u00e8 stata tanta, come forte \u00e8 stata l\u2019emozione nell\u2019essere stato preso in considerazione per effettuare quest\u2019articolo.<\/p>\n<p>Auguro a tutti un proficuo anno associativo nell\u2019amore in Cristo.<\/p>\n","protected":false},"excerpt":{"rendered":"<p>di Ettore Gravina, Msac Benevento Anche quest\u2019anno come ogni anno si \u00e8 svolto il campo nazionale del Movimento Studenti di Azione Cattolica (MSAC), dal 4 al 9 agosto a Molfetta (BR), dal titolo \u201cDIRITTO AL FUTURO\u201d. Il tema, come ci ha spiegato il segretario nazionale Gioele Anni, \u00e8 stato estrapolato dal discorso di insediamento del [&hellip;]<\/p>\n","protected":false},"author":177,"featured_media":0,"comment_status":"open","ping_status":"open","sticky":false,"template":"","format":"standard","meta":[],"categories":[195],"tags":[],"_links":{"self":[{"href":"https:\/\/iopartecipo.azionecattolica.it\/index.php?rest_route=\/wp\/v2\/posts\/2333"}],"collection":[{"href":"https:\/\/iopartecipo.azionecattolica.it\/index.php?rest_route=\/wp\/v2\/posts"}],"about":[{"href":"https:\/\/iopartecipo.azionecattolica.it\/index.php?rest_route=\/wp\/v2\/types\/post"}],"author":[{"embeddable":true,"href":"https:\/\/iopartecipo.azionecattolica.it\/index.php?rest_route=\/wp\/v2\/users\/177"}],"replies":[{"embeddable":true,"href":"https:\/\/iopartecipo.azionecattolica.it\/index.php?rest_route=%2Fwp%2Fv2%2Fcomments&post=2333"}],"version-history":[{"count":1,"href":"https:\/\/iopartecipo.azionecattolica.it\/index.php?rest_route=\/wp\/v2\/posts\/2333\/revisions"}],"predecessor-version":[{"id":2335,"href":"https:\/\/iopartecipo.azionecattolica.it\/index.php?rest_route=\/wp\/v2\/posts\/2333\/revisions\/2335"}],"wp:attachment":[{"href":"https:\/\/iopartecipo.azionecattolica.it\/index.php?rest_route=%2Fwp%2Fv2%2Fmedia&parent=2333"}],"wp:term":[{"taxonomy":"category","embeddable":true,"href":"https:\/\/iopartecipo.azionecattolica.it\/index.php?rest_route=%2Fwp%2Fv2%2Fcategories&post=2333"},{"taxonomy":"post_tag","embeddable":true,"href":"https:\/\/iopartecipo.azionecattolica.it\/index.php?rest_route=%2Fwp%2Fv2%2Ftags&post=2333"}],"curies":[{"name":"wp","href":"https:\/\/api.w.org\/{rel}","templated":true}]}}