{"id":2337,"date":"2015-10-01T11:20:33","date_gmt":"2015-10-01T10:20:33","guid":{"rendered":"http:\/\/iopartecipo.azionecattolica.it\/?p=2337"},"modified":"2015-10-01T11:20:33","modified_gmt":"2015-10-01T10:20:33","slug":"diritto-al-futuro-adesso-arriva-il-bello","status":"publish","type":"post","link":"https:\/\/iopartecipo.azionecattolica.it\/?p=2337","title":{"rendered":"Diritto al futuro: adesso arriva il bello"},"content":{"rendered":"<p><a href=\"http:\/\/iopartecipo.azionecattolica.it\/wp-content\/uploads\/2015\/10\/banner_PeD.jpg\"><img loading=\"lazy\" class=\"aligncenter size-full wp-image-2334\" src=\"http:\/\/iopartecipo.azionecattolica.it\/wp-content\/uploads\/2015\/10\/banner_PeD.jpg\" alt=\"banner_PeD\" width=\"235\" height=\"130\" \/><\/a><\/p>\n<p>a cura del <em>Msac Trieste<\/em><\/p>\n<p>\u201cDescrivi il campo msac in 4000 battute\u201d. Ma come posso concentrare tanta gioia, tante emozioni, tanta forza in 4000 battute?<\/p>\n<p>L\u2019unico modo che ci viene in mente \u00e8 riportare quelle parole, quei sogni e quei pensieri che ci hanno accompagnate in quel lungo viaggio verso casa, verso la nostra quotidianit\u00e0.<\/p>\n<p>E la cosa pi\u00f9 stupenda \u00e8 che ci siamo rese conto che il vero CAMPO MSAC cominciava proprio allora: nel nostro circolo, nella nostra citt\u00e0, nella nostra scuola.<\/p>\n<p>&nbsp;<\/p>\n<p><em>\u201cE\u2019 la prima volta, il primo campo in assoluto che mi dispiace lasciare\u201d \u201cCerto, capisco\u201d \u201cSto parlando sul serio babbea\u201d \u201cSi.. Quindi, chi ami?\u201d \u201c\u2026il MSAC\u201d \u201cTipo?? Ma davvero? Racconta!\u201d<\/em><\/p>\n<p><em>\u201cNon so bene perch\u00e9, non so come sia successo, mi ha presa e mi ha trasportata. Fino ad adesso ero ancora approdata al porto, quando vedevo invece gli altri msacchini partire per un viaggio fatto di cuori che palpitano all\u2019impazzata all\u2019incontro di altri ragazzi, carichissimi, pronti per avventurarsi a dormire poco o niente, ma tener duro agli incontri perch\u00e9 suscitano mille pensieri, mille domande, perch\u00e9 semplicemente piacciono, e se piacciono sono per forza belli e se sono belli, come dice qualcuno, sono anche buoni.<\/em><\/p>\n<p><em>Questo campo mi ha cambiata, mi avete staccata da riva e ho iniziato a prendere il vostro passo. Ora sono pronta, sono una msacchina, e la cosa pi\u00f9 bella di tutto \u00e8 che non sono sola!\u201d<\/em><\/p>\n<p>ROBERTA<\/p>\n<p>&nbsp;<\/p>\n<p><em>Come descrivere il campo nazionale? Forse la definizione adeguata \u00e8 \u201cincontro &#8211; scontro\u201d! Stupisce infatti come lo stile msacchino, interpretato e vissuto durante l\u2019anno in maniera cos\u00ec poliedrica dai diversi circoli, in quest\u2019 occasione ci accomuna eliminando le differenze geografiche e culturali permettendoci \u00a0cos\u00ec di riflettere e \u201cscontrarci\u201d \u00a0su tematiche e problematiche di interesse collettivo. <\/em><\/p>\n<p><em>Personalmente sfuggire alla monotonia estiva per partecipare al campo nazionale mi rendeva scettica ma ripensandoci \u00e8 stata una privazione vantaggiosa, poich\u00e9 solo ora posso affermare di appartenere veramente al movimento e di conoscere un gran numero di studenti interessati a migliorare l\u2019ambiente e la partecipazione scolastica; insomma desiderosi di dire \u201cI CARE\u201d!<\/em><\/p>\n<p>LUCIA<\/p>\n<p>&nbsp;<\/p>\n<p><em>Quest&#8217;estate ho avuto la splendida occasione di partecipare al campo nazionale. La settimana \u00e8 stata molto intensa di emozioni, allegria e gioia. Essendo stata la mia prima volta, non conoscevo nessuno oltre alle ragazze con cui sono arrivata da Trieste. Appena arrivate per\u00f2 sono stata circondata da tante persone entusiaste di fare conoscenza e dopo qualche ora sentivo di aver gi\u00e0 fatto nuove amicizie. Durante la settimana si \u00e8 creato uno spirito di gruppo e complicit\u00e0 e ci\u00f2 mi ha davvero sorpresa. Le giornate erano piene di incontri in cui abbiamo riflettuto sul diritto del nostro futuro e attivit\u00e0 di gruppo molto belle. \u00c8 stata una settimana davvero speciale, molto intensa, durante la quale ho pensato molto, ho conosciuto tante belle persone, e mi sono davvero divertita. Spero di riavere presto l&#8217;occasione di partecipare ad un evento cos\u00ec bello.<\/em><\/p>\n<p>ELENA<\/p>\n<p>&nbsp;<\/p>\n<p><em>Il campo nazionale di quest\u2019 anno non \u00e8 stato solo il mio primo campo nazionale, ma \u00e8 stata anche la mia prima vera settimana piena di vita, di gioia, di verit\u00e0 e di serenit\u00e0. \u00c8 stata una settimana di formazione che mi ha cambiata e cresciuta e che mi ha convinto ancora di pi\u00f9 a portare avanti questo movimento con infinita gioia! Parlare del nostro futuro da sotto tutti i punti di vista, mi ha aperto gli occhi mi ha fatto capire quanta strada c&#8217;\u00e8 ancora da fare e con quanta forza e fede devo affrontarla e viverla nel migliore dei modi. Sono cresciuta dopo questo campo, sono pi\u00f9 viva, pi\u00f9 carica. Sono una msacchina! Grazie anche a tutti i #legamibelli che sono nati o che si sono rafforzati e che nonostante la distanza sono veri e forti ma soprattutto sono FAMIGLIA! Tutti erano a braccia aperte pronti ad accogliere ogni msacchino e ad aiutare con una spalla, una mano o un sorriso. Non c&#8217;\u00e8 dono pi\u00f9 grande di andare diritto al futuro insieme a questa sorprendente, immensa, gioiosa, straordinaria, forte seconda famiglia che \u00e8 il MSAC. \u00c8 difficile trovare un solo aggettivo con quale descrivere questa settimana, ma di sicuro \u00e8 stata una settimana piena di gioia.<\/em><\/p>\n<p>ROSARIA<\/p>\n","protected":false},"excerpt":{"rendered":"<p>a cura del Msac Trieste \u201cDescrivi il campo msac in 4000 battute\u201d. Ma come posso concentrare tanta gioia, tante emozioni, tanta forza in 4000 battute? L\u2019unico modo che ci viene in mente \u00e8 riportare quelle parole, quei sogni e quei pensieri che ci hanno accompagnate in quel lungo viaggio verso casa, verso la nostra quotidianit\u00e0. [&hellip;]<\/p>\n","protected":false},"author":177,"featured_media":0,"comment_status":"open","ping_status":"open","sticky":false,"template":"","format":"standard","meta":[],"categories":[195],"tags":[],"_links":{"self":[{"href":"https:\/\/iopartecipo.azionecattolica.it\/index.php?rest_route=\/wp\/v2\/posts\/2337"}],"collection":[{"href":"https:\/\/iopartecipo.azionecattolica.it\/index.php?rest_route=\/wp\/v2\/posts"}],"about":[{"href":"https:\/\/iopartecipo.azionecattolica.it\/index.php?rest_route=\/wp\/v2\/types\/post"}],"author":[{"embeddable":true,"href":"https:\/\/iopartecipo.azionecattolica.it\/index.php?rest_route=\/wp\/v2\/users\/177"}],"replies":[{"embeddable":true,"href":"https:\/\/iopartecipo.azionecattolica.it\/index.php?rest_route=%2Fwp%2Fv2%2Fcomments&post=2337"}],"version-history":[{"count":1,"href":"https:\/\/iopartecipo.azionecattolica.it\/index.php?rest_route=\/wp\/v2\/posts\/2337\/revisions"}],"predecessor-version":[{"id":2338,"href":"https:\/\/iopartecipo.azionecattolica.it\/index.php?rest_route=\/wp\/v2\/posts\/2337\/revisions\/2338"}],"wp:attachment":[{"href":"https:\/\/iopartecipo.azionecattolica.it\/index.php?rest_route=%2Fwp%2Fv2%2Fmedia&parent=2337"}],"wp:term":[{"taxonomy":"category","embeddable":true,"href":"https:\/\/iopartecipo.azionecattolica.it\/index.php?rest_route=%2Fwp%2Fv2%2Fcategories&post=2337"},{"taxonomy":"post_tag","embeddable":true,"href":"https:\/\/iopartecipo.azionecattolica.it\/index.php?rest_route=%2Fwp%2Fv2%2Ftags&post=2337"}],"curies":[{"name":"wp","href":"https:\/\/api.w.org\/{rel}","templated":true}]}}