{"id":2339,"date":"2015-10-01T11:24:24","date_gmt":"2015-10-01T10:24:24","guid":{"rendered":"http:\/\/iopartecipo.azionecattolica.it\/?p=2339"},"modified":"2015-10-01T11:24:24","modified_gmt":"2015-10-01T10:24:24","slug":"tfr-a-rapporto","status":"publish","type":"post","link":"https:\/\/iopartecipo.azionecattolica.it\/?p=2339","title":{"rendered":"TFR? A rapporto!"},"content":{"rendered":"<p><a href=\"http:\/\/iopartecipo.azionecattolica.it\/wp-content\/uploads\/2015\/10\/banner_PeD.jpg\"><img loading=\"lazy\" class=\"aligncenter size-full wp-image-2334\" src=\"http:\/\/iopartecipo.azionecattolica.it\/wp-content\/uploads\/2015\/10\/banner_PeD.jpg\" alt=\"banner_PeD\" width=\"235\" height=\"130\" \/><\/a><\/p>\n<p>a cura della TFR<\/p>\n<p>\u201c\u00c8 un\u2019estate bellissima, \u00e8 finita di gi\u00e0\u201d, canta Jovanotti\u2026 Un\u2019estate \u201cpiena di vita\u201d, quella che abbiamo vissuto tra mare, montagna, sole e campi estivi in tutte le salse. Gli msacchini presenti al campo nazionale di quest\u2019anno ricorderanno sicuramente le afose giornate pugliesi passate in compagnia dei vari ospiti (i pi\u00f9 avranno un ricordo affettuoso di Luciano Corradini con la sua armonica\u2026); in quei giorni gli occhi e il cuore si sono riempiti di un Msac che vuole andare \u201c<strong>Diritto al Futuro<\/strong>\u201d, partendo dalla riflessione sulla nostra presenza tra i banchi di scuola.<\/p>\n<p>Se ci guardiamo intorno \u00e8 evidente un sentimento generale di sfiducia nei confronti della classe politica, che ha avuto come prima conseguenza quella del disimpegno e della diffidenza nel cambiamento possibile, anche nelle nostre aule. Noi del Msac per\u00f2 sappiamo bene come volare tenendo i piedi ancorati a terra e crediamo che cambiare sia possibile solo se iniziamo ad agire nel nostro piccolo. Proprio a Molfetta, tra una sventolata e l\u2019altra, \u00e8 stato annunciato l\u2019inizio dell\u2019<strong>anno della partecipazione<\/strong>, che coinvolger\u00e0 tutti i circoli d\u2019Italia e che avr\u00e0 il suo culmine nella Scuola di Formazione Studenti del prossimo aprile (yeeeeah!). Per far s\u00ec che la \u201cmacchina della partecipazione\u201d abbia avvio, \u00e8 necessario che ognuno si rimbocchi le maniche; e allora, quale sfida migliore poteva essere lanciata se non quella di <strong>candidarsi nelle proprie scuole<\/strong>?! Quest\u2019anno pi\u00f9 che mai ogni msacchino \u00e8 chiamato a prendersi cura dei propri compagni di scuola attraverso il servizio negli organi collegiali.<\/p>\n<p>Sappiamo per\u00f2 quanto sia difficile rendere concreta l\u2019idea di candidarsi, dal momento che quello degli OO.CC. \u00e8 un mondo per alcuni inesplorato ed \u00e8 proprio per questo motivo che il Msac ha pensato di costituire una <strong>Task Force Rappresentanza<\/strong> (per gli amici TFR) che dia sostegno a tutti coloro i quali abbiano voglia di incominciare l\u2019avventura bellissima dell\u2019essere rappresentanti. Gli obiettivi della commissione saranno quelli di <strong>fare rete<\/strong> tra circoli e rappresentanti msacchini di tutta Italia, <strong>accompagnare<\/strong> chiunque voglia intraprendere un percorso di rappresentanza e<strong> stimolare<\/strong> la candidatura; \u00e8 importante essere guidati in una scelta di questo tipo, che necessita di tanta competenza, pazienza, lungimiranza, ma soprattutto tanta <strong>voglia di mettersi in gioco<\/strong>. Pertanto, la commissione sar\u00e0 cos\u00ec divisa: ci saranno Francesco Caputo e Marianna Occhipinti per i rappresentanti di classe, per quelli d\u2019istituto Lorenzo Zardi e Francesco, il quale guider\u00e0 anche quelli degli organi di garanzia e di valutazione, Emanuela Gitto e Andrea Facciolo per la Consulta Provinciale; questa suddivisione consentir\u00e0 alla TFR di seguire passo passo tutti coloro che avranno voglia di candidarsi, prima e dopo la candidatura (anche in caso di mancata elezione), sia fisicamente (saremo a vostra disposizione per incontrarvi) che virtualmente (gruppi Whatsapp, email, videochiamate, ecc..)<\/p>\n<p>La prima tappa di quest\u2019avventura sar\u00e0 la pubblicazione dell\u2019<strong>AB OO.CC<\/strong>.. Questo strumento proporr\u00e0 un punto d\u2019incontro nelle scuole per approfondire il tema degli OO.CC., attraverso diverse modalit\u00e0 (assemblee, giochi di ruolo, ecc.) che ogni circolo adatter\u00e0 alle necessit\u00e0 della propria diocesi. Il fascicolo, infatti, fornir\u00e0 degli spunti utili per conoscere e approfondire il ruolo degli organi collegiali, e per questo sarebbe bello coinvolgere pi\u00f9 studenti possibile, chiunque voglia tenersi informato su ci\u00f2 che accade nel proprio Istituto.<\/p>\n<p>Molti studenti eletti hanno difficolt\u00e0 a portare avanti attivit\u00e0 concrete nella propria scuola, svalutando cos\u00ec il proprio ruolo al suo interno; la riflessione su ci\u00f2 ha portato la TFR a pensare ad un ulteriore punto di riferimento per i futuri rappresentanti, ossia \u201c<strong>Professione rappresentante<\/strong>\u201d, un vero e proprio vademecum nel quale essi potranno vedere un valido compagno di avventura per l\u2019intero periodo di servizio di rappresentanza. Al suo interno troverete consigli, esempi di progetti che altri rappresentanti hanno realizzato, dritte sulla legislazione in merito e molto, molto altro\u2026<\/p>\n<p>Prima dell\u2019uscita di Professione rappresentante (Aprile prossimo), la TFR provveder\u00e0 ad un canovaccio di <strong>assemblea<\/strong> sulla partecipazione: abbiamo infatti notato come spesso oggi le assemblee siano dei tempi morti, pur essendo nate dalla straripante passione che alcuni studenti hanno messo nella scuola in cui credevano. Il Msac sente di dover riaccendere quella passione del passato, e proiettarla in quel futuro che altro non \u00e8 che il presente in cui ci impegniamo.<\/p>\n<p>Per futuri aggiornamenti e contatti, tenete sott\u2019occhio il sito <a href=\"http:\/\/www.msac.aziocattolica.it\">www.msac.aziocattolica.it<\/a><\/p>\n<p>Inizia un nuovo viaggio, un nuovo anno scolastico \u00e8 alle porte, e tu, sei pronto?<\/p>\n","protected":false},"excerpt":{"rendered":"<p>a cura della TFR \u201c\u00c8 un\u2019estate bellissima, \u00e8 finita di gi\u00e0\u201d, canta Jovanotti\u2026 Un\u2019estate \u201cpiena di vita\u201d, quella che abbiamo vissuto tra mare, montagna, sole e campi estivi in tutte le salse. Gli msacchini presenti al campo nazionale di quest\u2019anno ricorderanno sicuramente le afose giornate pugliesi passate in compagnia dei vari ospiti (i pi\u00f9 avranno [&hellip;]<\/p>\n","protected":false},"author":177,"featured_media":0,"comment_status":"open","ping_status":"open","sticky":false,"template":"","format":"standard","meta":[],"categories":[195],"tags":[],"_links":{"self":[{"href":"https:\/\/iopartecipo.azionecattolica.it\/index.php?rest_route=\/wp\/v2\/posts\/2339"}],"collection":[{"href":"https:\/\/iopartecipo.azionecattolica.it\/index.php?rest_route=\/wp\/v2\/posts"}],"about":[{"href":"https:\/\/iopartecipo.azionecattolica.it\/index.php?rest_route=\/wp\/v2\/types\/post"}],"author":[{"embeddable":true,"href":"https:\/\/iopartecipo.azionecattolica.it\/index.php?rest_route=\/wp\/v2\/users\/177"}],"replies":[{"embeddable":true,"href":"https:\/\/iopartecipo.azionecattolica.it\/index.php?rest_route=%2Fwp%2Fv2%2Fcomments&post=2339"}],"version-history":[{"count":1,"href":"https:\/\/iopartecipo.azionecattolica.it\/index.php?rest_route=\/wp\/v2\/posts\/2339\/revisions"}],"predecessor-version":[{"id":2340,"href":"https:\/\/iopartecipo.azionecattolica.it\/index.php?rest_route=\/wp\/v2\/posts\/2339\/revisions\/2340"}],"wp:attachment":[{"href":"https:\/\/iopartecipo.azionecattolica.it\/index.php?rest_route=%2Fwp%2Fv2%2Fmedia&parent=2339"}],"wp:term":[{"taxonomy":"category","embeddable":true,"href":"https:\/\/iopartecipo.azionecattolica.it\/index.php?rest_route=%2Fwp%2Fv2%2Fcategories&post=2339"},{"taxonomy":"post_tag","embeddable":true,"href":"https:\/\/iopartecipo.azionecattolica.it\/index.php?rest_route=%2Fwp%2Fv2%2Ftags&post=2339"}],"curies":[{"name":"wp","href":"https:\/\/api.w.org\/{rel}","templated":true}]}}