{"id":2341,"date":"2015-10-01T11:31:14","date_gmt":"2015-10-01T10:31:14","guid":{"rendered":"http:\/\/iopartecipo.azionecattolica.it\/?p=2341"},"modified":"2015-10-01T11:31:14","modified_gmt":"2015-10-01T10:31:14","slug":"migranti-e-migrazioni-conoscerli-per-capirli","status":"publish","type":"post","link":"https:\/\/iopartecipo.azionecattolica.it\/?p=2341","title":{"rendered":"Migranti e migrazioni, conoscerli per capirli"},"content":{"rendered":"<p><a href=\"http:\/\/iopartecipo.azionecattolica.it\/wp-content\/uploads\/2015\/10\/banner_PeD.jpg\"><img loading=\"lazy\" class=\"aligncenter size-full wp-image-2334\" src=\"http:\/\/iopartecipo.azionecattolica.it\/wp-content\/uploads\/2015\/10\/banner_PeD.jpg\" alt=\"banner_PeD\" width=\"235\" height=\"130\" \/><\/a><\/p>\n<p>&nbsp;<\/p>\n<p>a cura dell&#8217;<em>ACS (Azione Cattolica Studenti), Movimento Studenti di Milano<\/em><\/p>\n<p>Come ogni anno, a fine agosto si \u00e8 svolto a Monza il campo di volontariato organizzato dall\u2019ACS. \u201cTanti studenti, uno sporco lavoro da portare a termine, un progetto di solidariet\u00e0 da sostenere\u2026 Aggratis!\u201d dice l\u2019invito all\u2019esperienza. Proprio cos\u00ec: una settimana tra imbiancature, manutenzione del verde, banchetti, animazione in una casa di riposo e in una cooperativa di disabili.<\/p>\n<p>Il giorno di arrivo al campo ci \u00e8 stata proposta un\u2019attivit\u00e0 legata al tema dei migranti: partendo dalla risposta ad alcune domande generali sull\u2019argomento (es. Qual \u00e8 il numero di immigrati in Europa? Quali sono gli Stati del mondo con il maggior numero di immigrati? Cos\u2019\u00e8 il trattato di Dublino?), siamo passati ad una analisi approfondita sull\u2019immigrazione nel mondo, passando in rassegna tutti gli Stati dove il fenomeno \u00e8 presente. La maggior parte degli immigrati proviene da Paesi che stanno vivendo situazioni politiche molto difficoltose (a causa di guerre civili, Isis), soprattutto in Africa Settentrionale e Asia, ma anche America Meridionale. Abbiamo concluso con un gioco di ruolo*, nel quale abbiamo impersonato diverse famiglie africane, che facendo scelte e prendendo decisioni, tentano di arrivare in Europa via mare, via terra, a seconda della disposizione economica. Molti sono quelli che ci provano, pochi o nessuno quelli che arrivano alla meta. Il gioco era tratto da storie vere. L\u2019attivit\u00e0 \u00e8 stata, oltre che interessante, anche molto stimolante: il tema suscita in noi ragazzi il desiderio di conoscere pi\u00f9 a fondo questa realt\u00e0 che ci tocca da molto vicino e della quale, molto spesso, non abbiamo la possibilit\u00e0 di parlare, costruendo un dialogo ricco di confronti costruttivi. Questa attivit\u00e0, insieme all\u2019animazione nel centro di prima accoglienza per profughi di Monza, mi ha sensibilizzato sull\u2019argomento: ho capito l\u2019importanza del documentarsi quotidianamente per scoprire quanto accade intorno a noi e quanta \u00e8 la forza e la volont\u00e0 con la quale giovani come noi, con i nostri stessi sogni, affrontano la vita.<\/p>\n<blockquote><p>*ispirato a quello trattato in questo articolo: <a href=\"http:\/\/www.huffingtonpost.it\/2015\/04\/07\/syrian-journey-videogioco-bbc-utenti-rifugiati-siriani_n_7016036.html\">http:\/\/www.huffingtonpost.it\/2015\/04\/07\/syrian-journey-videogioco-bbc-utenti-rifugiati-siriani_n_7016036.html<\/a><\/p><\/blockquote>\n<p><em>Lucia<\/em><\/p>\n<p>&nbsp;<\/p>\n<p>Anche io come lo scorso anno ho partecipato al Campo di Volontariato di Monza, organizzato dall\u2019ACS. Quest\u2019anno, in particolare, abbiamo affrontato il tema delle migrazioni: oltre ai lavori degli altri anni (imbiancare, fare la manutenzione del verde al Parco, sistemare l\u2019oratorio in cui dormivamo\u2026) ci hanno comunicato che alcuni di noi sarebbero andati in un \u201c<u>centro di prima accoglienza<\/u>\u201d. Nel nostro caso era occupato da ragazzi, dai venti ai trent\u2019anni. Il primo giorno di campo abbiamo partecipato ad una attivit\u00e0 sulle migrazioni, che ci ha permesso di capire qualcosa in pi\u00f9 su questo tema complicato. Poi ci hanno posto delle domande: quasi nessuno sapeva la risposta, e da questo \u00e8 stato possibile comprendere quanto poco sappiamo della &#8220;vita da migranti&#8221;. Quando ho saputo che sarei andato al Centro ero contentissimo, ma ero anche preoccupato, perch\u00e9 avevo dei forti dubbi su come comportarmi. Il giorno dopo, appena siamo arrivati, i ragazzi con il loro sorriso e la loro allegria hanno spazzato via i nostri dubbi e le nostre preoccupazioni. Abbiamo fatto una piccola lezione di Italiano, che molti di loro non conoscevano, essendo appena arrivati, e abbiamo chiacchierato un po\u2019 con loro: erano molto felici e curiosi di conoscerci. In particolare sono rimasto colpito dal loro sorriso e dal fatto che molti di loro volevano condividere con noi persino quel poco che avevano. Andando avanti le domande sono aumentate: c\u2019era chi ci chiedeva qualcosa sull\u2019Italia, chi domandava qualche frase in Italiano, chi ci raccontava la sua storia, parlavamo di calcio, leggevamo la Gazzetta insieme\u2026 Il quarto giorno, dopo una partita a calcio e una merenda insieme, ci siamo dovuti salutare. Come ricordo abbiamo regalato a ognuno di loro un braccialetto, ricavato dalla maglietta dell\u2019acs. Non ho parole per descrivervi quanto erano (ed eravamo) tristi, quanto dispiaceva loro che noi dovessimo andare via. Questo ci ha fatto capire quanto tenevano a noi; ci sembrava una cosa da niente quello che avevamo fatto, eppure per loro significava molto. Noi pensavamo di andare l\u00ec e donare qualcosa a loro, e invece alla fine della giornata passata insieme mi sentivo pi\u00f9 ricco di prima. \u00c8 come se avessi lasciato l\u00ec qualcosa, per raccogliere molto di pi\u00f9. Sicuramente mi hanno insegnato che anche le piccole cose possono fare tanto, e che anche solo un sorriso, in tutta la sua semplicit\u00e0, arricchisce molto chi lo riceve.<\/p>\n<p><em>Riccardo<\/em><\/p>\n<p>&nbsp;<\/p>\n","protected":false},"excerpt":{"rendered":"<p>&nbsp; a cura dell&#8217;ACS (Azione Cattolica Studenti), Movimento Studenti di Milano Come ogni anno, a fine agosto si \u00e8 svolto a Monza il campo di volontariato organizzato dall\u2019ACS. \u201cTanti studenti, uno sporco lavoro da portare a termine, un progetto di solidariet\u00e0 da sostenere\u2026 Aggratis!\u201d dice l\u2019invito all\u2019esperienza. Proprio cos\u00ec: una settimana tra imbiancature, manutenzione del [&hellip;]<\/p>\n","protected":false},"author":177,"featured_media":0,"comment_status":"open","ping_status":"open","sticky":false,"template":"","format":"standard","meta":[],"categories":[195],"tags":[],"_links":{"self":[{"href":"https:\/\/iopartecipo.azionecattolica.it\/index.php?rest_route=\/wp\/v2\/posts\/2341"}],"collection":[{"href":"https:\/\/iopartecipo.azionecattolica.it\/index.php?rest_route=\/wp\/v2\/posts"}],"about":[{"href":"https:\/\/iopartecipo.azionecattolica.it\/index.php?rest_route=\/wp\/v2\/types\/post"}],"author":[{"embeddable":true,"href":"https:\/\/iopartecipo.azionecattolica.it\/index.php?rest_route=\/wp\/v2\/users\/177"}],"replies":[{"embeddable":true,"href":"https:\/\/iopartecipo.azionecattolica.it\/index.php?rest_route=%2Fwp%2Fv2%2Fcomments&post=2341"}],"version-history":[{"count":1,"href":"https:\/\/iopartecipo.azionecattolica.it\/index.php?rest_route=\/wp\/v2\/posts\/2341\/revisions"}],"predecessor-version":[{"id":2342,"href":"https:\/\/iopartecipo.azionecattolica.it\/index.php?rest_route=\/wp\/v2\/posts\/2341\/revisions\/2342"}],"wp:attachment":[{"href":"https:\/\/iopartecipo.azionecattolica.it\/index.php?rest_route=%2Fwp%2Fv2%2Fmedia&parent=2341"}],"wp:term":[{"taxonomy":"category","embeddable":true,"href":"https:\/\/iopartecipo.azionecattolica.it\/index.php?rest_route=%2Fwp%2Fv2%2Fcategories&post=2341"},{"taxonomy":"post_tag","embeddable":true,"href":"https:\/\/iopartecipo.azionecattolica.it\/index.php?rest_route=%2Fwp%2Fv2%2Ftags&post=2341"}],"curies":[{"name":"wp","href":"https:\/\/api.w.org\/{rel}","templated":true}]}}