{"id":2343,"date":"2015-10-01T11:33:48","date_gmt":"2015-10-01T10:33:48","guid":{"rendered":"http:\/\/iopartecipo.azionecattolica.it\/?p=2343"},"modified":"2015-11-07T14:21:31","modified_gmt":"2015-11-07T13:21:31","slug":"libro-film-di-settembre","status":"publish","type":"post","link":"https:\/\/iopartecipo.azionecattolica.it\/?p=2343","title":{"rendered":"Libro + Film di settembre"},"content":{"rendered":"<p><a href=\"http:\/\/iopartecipo.azionecattolica.it\/wp-content\/uploads\/2015\/10\/banner_PeD.jpg\"><img loading=\"lazy\" class=\"aligncenter size-full wp-image-2334\" src=\"http:\/\/iopartecipo.azionecattolica.it\/wp-content\/uploads\/2015\/10\/banner_PeD.jpg\" alt=\"banner_PeD\" width=\"235\" height=\"130\" \/><\/a><\/p>\n<p>di <em>Luisa Bellomo<\/em><\/p>\n<p><a href=\"http:\/\/iopartecipo.azionecattolica.it\/wp-content\/uploads\/2015\/10\/nel-mare.jpg\"><img loading=\"lazy\" class=\" wp-image-2349 size-medium alignleft\" src=\"http:\/\/iopartecipo.azionecattolica.it\/wp-content\/uploads\/2015\/10\/nel-mare-199x300.jpg\" alt=\"nel mare\" width=\"199\" height=\"300\" srcset=\"https:\/\/iopartecipo.azionecattolica.it\/wp-content\/uploads\/2015\/10\/nel-mare-199x300.jpg 199w, https:\/\/iopartecipo.azionecattolica.it\/wp-content\/uploads\/2015\/10\/nel-mare-681x1024.jpg 681w, https:\/\/iopartecipo.azionecattolica.it\/wp-content\/uploads\/2015\/10\/nel-mare-624x939.jpg 624w, https:\/\/iopartecipo.azionecattolica.it\/wp-content\/uploads\/2015\/10\/nel-mare.jpg 997w\" sizes=\"(max-width: 199px) 100vw, 199px\" \/><\/a><\/p>\n<p><strong>Fabio Geda, <em>Nel mare ci sono i coccodrilli<\/em><\/strong><\/p>\n<p><img loading=\"lazy\" class=\"alignright wp-image-2348 size-medium\" src=\"http:\/\/iopartecipo.azionecattolica.it\/wp-content\/uploads\/2015\/10\/prima-neve-210x300.jpg\" alt=\"prima neve\" width=\"210\" height=\"300\" srcset=\"https:\/\/iopartecipo.azionecattolica.it\/wp-content\/uploads\/2015\/10\/prima-neve-210x300.jpg 210w, https:\/\/iopartecipo.azionecattolica.it\/wp-content\/uploads\/2015\/10\/prima-neve-717x1024.jpg 717w, https:\/\/iopartecipo.azionecattolica.it\/wp-content\/uploads\/2015\/10\/prima-neve-624x891.jpg 624w, https:\/\/iopartecipo.azionecattolica.it\/wp-content\/uploads\/2015\/10\/prima-neve.jpg 1120w\" sizes=\"(max-width: 210px) 100vw, 210px\" \/><\/p>\n<p>&nbsp;<\/p>\n<p>&nbsp;<\/p>\n<p>&nbsp;<\/p>\n<p>&nbsp;<\/p>\n<p>&nbsp;<\/p>\n<p>&nbsp;<\/p>\n<p style=\"text-align: right;\"><strong><em>La prima neve<\/em> (2013)<\/strong><\/p>\n<p>Quando parte da una piccola cittadina dell\u2019Afghanistan, Enaiat ha dieci anni, forse. Dove vive, a Nava, non c\u2019\u00e8 l\u2019anagrafe, quindi non sa con certezza la sua et\u00e0. Non c\u2019\u00e8 neanche la scuola, perch\u00e9 l\u2019hanno chiusa i talebani. A detta sua, comunque, \u00e8 il posto pi\u00f9 bello del mondo. Non \u00e8 abbastanza sicuro per lui, per\u00f2, quindi un giorno parte, accompagnato dalla sua mamma e da un uomo, per andare in Pakistan. Non sa ancora che lo aspetta un viaggio lungo otto anni, per paesi di cui non conosce neanche l\u2019esistenza.<\/p>\n<p>Il sottotitolo di questo libro \u00e8 \u201cStoria vera di Enaiatollah Akbari\u201d. Pi\u00f9 di dieci anni dopo l\u2019inizio del suo viaggio, l\u2019ha potuto raccontare a un giornalista, Fabio Geda, che ci ha scritto un libro. Mentre Enaiat parla delle sue avventure, dei luoghi, delle persone che ha visto e incontrato, ho continuato a chiedermi se si rendesse conto dei rischi che correva e di quante volte abbia evitato la morte per un soffio.<\/p>\n<p>A volte la narrazione si interrompe, e troviamo qualche frase in corsivo: \u00e8 Fabio Geda che fa domande al giovane protagonista. In queste righe, sparse tra le pagine, ho trovato le parole pi\u00f9 belle e le riflessioni pi\u00f9 illuminanti, quelle che mi hanno fatto sentire piccola e inesperta.<\/p>\n<p>Ho letto il libro in treno, andando all\u2019universit\u00e0, e diverse volte mi sono trovata ad asciugare una lacrima di nascosto, con i vicini di posto che mi guardavano male. Siamo assuefatti dalle tante immagini di sofferenza che vediamo in tv e in internet, tanto che ormai non ci fanno pi\u00f9 effetto. Questa storia invece colpisce direttamente al cuore, e tante volte anche alla pancia. Non \u00e8 la storia di un ragazzo afgano che arriva in Italia clandestinamente, \u00e8 la storia di Enaiat, che perde tutto ma non la speranza, che sa cogliere le occasioni che gli si presentano per caso, che soffre dolori che io non riesco neanche a immaginare ma va avanti lo stesso, anche grazie a tante persone buone.<\/p>\n<p>Fa lo stesso effetto anche <em>La prima neve<\/em>, il film di Andrea Segre ambientato tra le montagne del Trentino. Segre \u00e8 un regista di documentari, quindi \u00e8 particolarmente bravo a raccontare storie vere. Questa \u00e8 inventata, ma \u00e8 fatta di tantissime storie reali e attuali: quelle dei giovani migranti africani che si ritrovano a vivere nei piccoli paesi trentini, lavorando come taglialegna per mettere da parte qualche soldo e poter andare in Francia. Questo per\u00f2 non \u00e8 un film sui migranti. \u00c8 un film su alcune persone, su padri, figli, mamme, amici, mogli e mariti, e ognuno ha la propria storia e i propri dolori. Mentre lo guardi non puoi fare a meno di pensare che a volte siamo pi\u00f9 simili a chi viene da lontano che a chi vive con noi.<\/p>\n<p>Per la visione vi do due consigli: munitevi di schermo grande, perch\u00e9 i paesaggi sono incredibili e meritano di essere ammirati come si deve, e attivate i sottotitoli, perch\u00e9 i ragazzi africani parlano in francese, ma i ragazzini parlano in dialetto trentino, e se non lo conoscete potrebbe diventare un problema!<\/p>\n<p>Spero che amiate anche voi queste storie, ma soprattutto che vi aiutino a vedere gli altri, soprattutto i migranti, come persone con una storia da ascoltare.<\/p>\n<blockquote><p>\u00abOgni persona che incontri sta combattendo una battaglia di cui non sai niente. Sii gentile. Sempre\u00bb. Carlo Mazzacurati<\/p><\/blockquote>\n","protected":false},"excerpt":{"rendered":"<p>di Luisa Bellomo Fabio Geda, Nel mare ci sono i coccodrilli &nbsp; &nbsp; &nbsp; &nbsp; &nbsp; &nbsp; La prima neve (2013) Quando parte da una piccola cittadina dell\u2019Afghanistan, Enaiat ha dieci anni, forse. Dove vive, a Nava, non c\u2019\u00e8 l\u2019anagrafe, quindi non sa con certezza la sua et\u00e0. Non c\u2019\u00e8 neanche la scuola, perch\u00e9 l\u2019hanno [&hellip;]<\/p>\n","protected":false},"author":177,"featured_media":0,"comment_status":"open","ping_status":"open","sticky":false,"template":"","format":"standard","meta":[],"categories":[195],"tags":[],"_links":{"self":[{"href":"https:\/\/iopartecipo.azionecattolica.it\/index.php?rest_route=\/wp\/v2\/posts\/2343"}],"collection":[{"href":"https:\/\/iopartecipo.azionecattolica.it\/index.php?rest_route=\/wp\/v2\/posts"}],"about":[{"href":"https:\/\/iopartecipo.azionecattolica.it\/index.php?rest_route=\/wp\/v2\/types\/post"}],"author":[{"embeddable":true,"href":"https:\/\/iopartecipo.azionecattolica.it\/index.php?rest_route=\/wp\/v2\/users\/177"}],"replies":[{"embeddable":true,"href":"https:\/\/iopartecipo.azionecattolica.it\/index.php?rest_route=%2Fwp%2Fv2%2Fcomments&post=2343"}],"version-history":[{"count":5,"href":"https:\/\/iopartecipo.azionecattolica.it\/index.php?rest_route=\/wp\/v2\/posts\/2343\/revisions"}],"predecessor-version":[{"id":2351,"href":"https:\/\/iopartecipo.azionecattolica.it\/index.php?rest_route=\/wp\/v2\/posts\/2343\/revisions\/2351"}],"wp:attachment":[{"href":"https:\/\/iopartecipo.azionecattolica.it\/index.php?rest_route=%2Fwp%2Fv2%2Fmedia&parent=2343"}],"wp:term":[{"taxonomy":"category","embeddable":true,"href":"https:\/\/iopartecipo.azionecattolica.it\/index.php?rest_route=%2Fwp%2Fv2%2Fcategories&post=2343"},{"taxonomy":"post_tag","embeddable":true,"href":"https:\/\/iopartecipo.azionecattolica.it\/index.php?rest_route=%2Fwp%2Fv2%2Ftags&post=2343"}],"curies":[{"name":"wp","href":"https:\/\/api.w.org\/{rel}","templated":true}]}}