{"id":2368,"date":"2016-05-05T19:33:41","date_gmt":"2016-05-05T18:33:41","guid":{"rendered":"http:\/\/iopartecipo.azionecattolica.it\/?p=2368"},"modified":"2016-05-05T20:19:48","modified_gmt":"2016-05-05T19:19:48","slug":"maturita-2016-tutto-quello-che-ce-da-sapere","status":"publish","type":"post","link":"https:\/\/iopartecipo.azionecattolica.it\/?p=2368","title":{"rendered":"Maturit\u00e0 2016: tutto quello che c&#8217;\u00e8 da sapere"},"content":{"rendered":"<p style=\"text-align: right;\"><i>*di Andrea Facciolo (delegato Msac al MIUR)<\/i><\/p>\n<p>Gli studenti di quinta sono impegnati nella lunga maratona di fine anno: verifiche, interrogazioni, simulazioni di terza prova e stesura della &#8220;tesina&#8221;\u2026ne abbiamo abbastanza?! Ma tranquilli amici, non siete i soli al lavoro. Gli uffici del Ministero dell&#8217;Istruzione, infatti, come ogni anno stanno pian piano aggiungendo i <strong>tasselli<\/strong> necessari per garantire lo svolgimento delle prove del tanto temuto <b>Esame di stato<\/b>. Si tratta di un percorso che ogni anno prevede diverse tappe: verso la fine di gennaio il Ministro dell&#8217;Istruzione comunica le <b>materie oggetto di seconda prova<\/b> per ogni indirizzo e le materie per cui verranno nominati i commissari esterni. Nei mesi successivi i consigli di classe designano i <b>componenti interni<\/b> della commissione d&#8217;esame e il ministro dell&#8217;Istruzione emana <b><a href=\"http:\/\/hubmiur.pubblica.istruzione.it\/web\/ministero\/cs210416\">un&#8217;ordinanza<\/a><\/b> (che \u00e8 uscita proprio in questi giorni) in cui vengono fissate le modalit\u00e0 di esame, di attribuzione dei crediti, di ammissione dei privatisti, le date definitive delle prove e moltissimi altri aspetti tecnici e non. Nelle ultime settimane di lezione arriver\u00e0 anche uno degli elenchi pi\u00f9 attesi e temuti dagli studenti: quello dei <b>presidenti e dei componenti esterni<\/b> delle commissioni d&#8217;esame che vengono nominati dagli uffici scolastici regionali e territoriali.<\/p>\n<p>Poi sar\u00e0 solo questioni di giorni: fine delle lezioni, cene di classe con i prof, scrutini, tabelloni fino al fatidico 20 giugno, data in cui, quest\u2019anno, si insedieranno le commissioni d&#8217;esame. Ma sar\u00e0 la campanella delle 8.30 del <strong>22 giugno<\/strong> a segnare l&#8217;inizio della sessione d&#8217;esame e delle prove scritte con la <a href=\"http:\/\/www.istruzione.it\/esame_di_stato\/nota_coord_strutt_tecn.shtml\">prima prova<\/a> (il tema), a cui seguir\u00e0 la <a href=\"http:\/\/www.istruzione.it\/esame_di_stato\/nota_coord_strutt_tecn.shtml\">seconda prova<\/a>, diversa per ogni indirizzo, il <strong>23 giugno<\/strong> alle 8,30 e la terza, preparata da ogni commissione, il <strong>27 giugno<\/strong> sempre alle 8.30.<br \/>\nDopo la correzione degli scritti e la pubblicazione dei risultati al via i colloqui orali che impegneranno gli studenti tra fine giugno e inizio luglio.<\/p>\n<p>Dalla lettura di questa poderosa ordinanza ministeriale di quasi 50 pagine, firmata nei giorni scorsi dal Ministro Giannini possiamo per\u00f2 trarre alcune informazioni sul prossimo esame di maturit\u00e0:<br \/>\n\u2022 anche quest\u2019anno l&#8217;invio delle tracce della prima e della seconda prova avverr\u00e0 per <strong>via telematica<\/strong> con l&#8217;invio del testo criptato dal Ministero a tutte le scuole, che dovranno immettere una password comunicata nei giorni precedenti per poter leggere e stampare il plico. Quindi anche quest\u2019anno, salvo imprevisti, non arriver\u00e0 pi\u00f9 la gazzella dei carabinieri a consegnare a scuola il testo del tema e della versione.<br \/>\n\u2022 in caso di malattia o gravi problemi documentati sar\u00e0 possibile, per chi sar\u00e0 assente a una o a tutte le prove, recuperare l&#8217;esame in <strong>sessione suppletiva<\/strong> se ritenuto possibile dalla commissione d&#8217;esame oppure, in presenza di particolari problematiche il Ministero dell&#8217;istruzione potr\u00e0 valutare la creazione di una apposita sessione straordinaria, con nuove prove nazionali, prima dell&#8217;inizio dell&#8217;anno scolastico 2016\/2017.<br \/>\n\u2022 viene confermato il meccanismo di assegnazione dei <strong>crediti<\/strong> e dei punteggi per le prove scritte e il colloquio orale gi\u00e0 in uso negli scorsi anni scolastici.<br \/>\n\u2022 viene confermata la possibilit\u00e0 che la commissione, nel preparare la <strong>terza prova<\/strong>, tenga conto delle esperienze di alternanza scuola\/lavoro e delle materie non linguistiche insegnate in lingua straniera (CLIL) avute dai maturandi; anche il colloquio orale potr\u00e0 partire da un&#8217; esperienza di alternanza scuola\/lavoro avuta dallo studente durante il percorso scolastico.<br \/>\n\u2022 a vigilare sullo svolgimento degli esami come ogni anno ci saranno tutti gli <strong>ispettori<\/strong> del Ministero dell&#8217;istruzione, in particolare a ognuno sar\u00e0 assegnata un determinato gruppo di scuole.<\/p>\n<p>Questo esame di maturit\u00e0 porter\u00e0 con s\u00e9 anche una novit\u00e0: oltre al diploma che verr\u00e0 consegnato ai maturandi, ormai maturati dopo la pubblicazione dei risultati degli esami, ogni studente ricever\u00e0 anche il <strong>supplemento Europass al certificato<\/strong>: un documento, riconosciuto dall&#8217;Unione Europea, che affianca e non sostituisce il diploma ma &#8220;spiega meglio&#8221; le competenze acquisite dagli studenti e le attivit\u00e0 professionali a cui possono accedere alla fine del percorso delle superiori, una specie di &#8220;passaporto&#8221; riconosciuto in tutta Europa che dovrebbe rendere pi\u00f9 facile sia per gli studenti, sia per le universit\u00e0 che per i datori di lavoro capire quali sono le competenze e le conoscenze che si hanno dopo la &#8220;famigerata&#8221; maturit\u00e0 traducendo in un linguaggio comune i titoli e i percorsi di istruzione dei singoli paesi, con le diverse materie caratterizzanti, i progetti effettuati e le lingue apprese.<\/p>\n<p>Un&#8217;ultima curiosit\u00e0: <strong>chi sceglie le tracce<\/strong> dei temi e della seconda prova dell&#8217;esame (dalle versioni di greco ai problemi di fisica, passando per i progetti dei geometri e i bilanci dei ragionieri)?<br \/>\nAl ministero esiste un <strong>gruppo di docenti, esperti e ispettori<\/strong> che ogni anno elabora diverse proposte di tracce per il tema e per ogni tipologia di seconda prova; \u00e8 poi il Ministro, insieme al coordinatore centrale degli ispettori scolastici (che \u00e8 anche responsabile del gruppo di lavoro sulla maturit\u00e0) e ai suoi collaboratori pi\u00f9 stretti a scegliere le tracce da inviare alle scuole&#8230; Quasi sempre nemmeno gli autori delle tracce scelte vengono informati prima ma lo scoprono la mattina della prima e della seconda prova come tutti gli studenti e i membri delle commissioni d&#8217;esame!<\/p>\n","protected":false},"excerpt":{"rendered":"<p>*di Andrea Facciolo (delegato Msac al MIUR) Gli studenti di quinta sono impegnati nella lunga maratona di fine anno: verifiche, interrogazioni, simulazioni di terza prova e stesura della &#8220;tesina&#8221;\u2026ne abbiamo abbastanza?! Ma tranquilli amici, non siete i soli al lavoro. Gli uffici del Ministero dell&#8217;Istruzione, infatti, come ogni anno stanno pian piano aggiungendo i tasselli [&hellip;]<\/p>\n","protected":false},"author":177,"featured_media":0,"comment_status":"open","ping_status":"open","sticky":false,"template":"","format":"standard","meta":[],"categories":[6,13],"tags":[],"_links":{"self":[{"href":"https:\/\/iopartecipo.azionecattolica.it\/index.php?rest_route=\/wp\/v2\/posts\/2368"}],"collection":[{"href":"https:\/\/iopartecipo.azionecattolica.it\/index.php?rest_route=\/wp\/v2\/posts"}],"about":[{"href":"https:\/\/iopartecipo.azionecattolica.it\/index.php?rest_route=\/wp\/v2\/types\/post"}],"author":[{"embeddable":true,"href":"https:\/\/iopartecipo.azionecattolica.it\/index.php?rest_route=\/wp\/v2\/users\/177"}],"replies":[{"embeddable":true,"href":"https:\/\/iopartecipo.azionecattolica.it\/index.php?rest_route=%2Fwp%2Fv2%2Fcomments&post=2368"}],"version-history":[{"count":4,"href":"https:\/\/iopartecipo.azionecattolica.it\/index.php?rest_route=\/wp\/v2\/posts\/2368\/revisions"}],"predecessor-version":[{"id":2372,"href":"https:\/\/iopartecipo.azionecattolica.it\/index.php?rest_route=\/wp\/v2\/posts\/2368\/revisions\/2372"}],"wp:attachment":[{"href":"https:\/\/iopartecipo.azionecattolica.it\/index.php?rest_route=%2Fwp%2Fv2%2Fmedia&parent=2368"}],"wp:term":[{"taxonomy":"category","embeddable":true,"href":"https:\/\/iopartecipo.azionecattolica.it\/index.php?rest_route=%2Fwp%2Fv2%2Fcategories&post=2368"},{"taxonomy":"post_tag","embeddable":true,"href":"https:\/\/iopartecipo.azionecattolica.it\/index.php?rest_route=%2Fwp%2Fv2%2Ftags&post=2368"}],"curies":[{"name":"wp","href":"https:\/\/api.w.org\/{rel}","templated":true}]}}