{"id":241,"date":"2008-11-17T17:47:50","date_gmt":"2008-11-17T16:47:50","guid":{"rendered":"http:\/\/www.azionecattolica.it\/net\/iopartecipo\/?p=241"},"modified":"2008-11-17T17:47:50","modified_gmt":"2008-11-17T16:47:50","slug":"domani-forum-delle-associazioni","status":"publish","type":"post","link":"https:\/\/iopartecipo.azionecattolica.it\/?p=241","title":{"rendered":"Domani Forum delle associazioni"},"content":{"rendered":"<p style=\"text-align: center;\">Si riunisce domani il tavolo della Associazioni Studentesche maggiormente Rappresentative (ASR) presso il MInistero dell&#8217;Istruzione, dell&#8217;Universit\u00e0 e della Ricerca. Sar\u00e0 presente il ministro Mariastella Gelmini che ci illustrer\u00e0, tra le altre cose:<\/p>\n<p class=\"MsoNormal\" style=\"text-align: center;\"><span style=\"font-size: x-small; font-family: Arial;\"><span style=\"font-size: 10pt; font-family: Arial;\"><a href=\"http:\/\/www.azionecattolica.it\/net\/iopartecipo\/wp-content\/uploads\/2008\/11\/bozza-linee-guida.doc\">&#8211; Linee Guida per l\u2019insegnamento di \u201cCittadinanza e Costituzione\u201d (VEDI LA BOZZA)<\/a><\/span><\/span><\/p>\n<p class=\"MsoNormal\" style=\"text-align: center;\"><span style=\"font-size: x-small; font-family: Arial;\"><span style=\"font-size: 10pt; font-family: Arial;\">&#8211;<a href=\"http:\/\/www.azionecattolica.it\/net\/iopartecipo\/wp-content\/uploads\/2008\/11\/circolare-sulla-sperimentazione-dellinsegnamento.doc\"> Circolare sulla sperimentazione dell\u2019insegnamento di \u201cCittadinanza e Costituzione\u201d\u00a0 (VEDI LA BOZZA)<\/a><\/span><\/span><a href=\"http:\/\/www.azionecattolica.it\/net\/iopartecipo\/wp-content\/uploads\/2008\/11\/circolare-sulla-sperimentazione-dellinsegnamento.doc\"><\/a><\/p>\n<p style=\"text-align: center;\"><span style=\"font-size: x-small; font-family: Arial;\"><span style=\"font-size: 10pt; font-family: Arial;\"><a href=\"http:\/\/www.azionecattolica.it\/net\/iopartecipo\/wp-content\/uploads\/2008\/11\/schema-decreto-m-valutazione-del-comportamento.doc\">&#8211; Decreto di applicazione degli Art. 2 e 3 della Legge n. 169 (VEDI LA BOZZA<\/a>)<\/span><\/span><\/p>\n","protected":false},"excerpt":{"rendered":"<p>Si riunisce domani il tavolo della Associazioni Studentesche maggiormente Rappresentative (ASR) presso il MInistero dell&#8217;Istruzione, dell&#8217;Universit\u00e0 e della Ricerca. Sar\u00e0 presente il ministro Mariastella Gelmini che ci illustrer\u00e0, tra le altre cose: &#8211; Linee Guida per l\u2019insegnamento di \u201cCittadinanza e Costituzione\u201d (VEDI LA BOZZA) &#8211; Circolare sulla sperimentazione dell\u2019insegnamento di \u201cCittadinanza e Costituzione\u201d\u00a0 (VEDI LA [&hellip;]<\/p>\n","protected":false},"author":1,"featured_media":0,"comment_status":"open","ping_status":"open","sticky":false,"template":"","format":"standard","meta":[],"categories":[1],"tags":[],"_links":{"self":[{"href":"https:\/\/iopartecipo.azionecattolica.it\/index.php?rest_route=\/wp\/v2\/posts\/241"}],"collection":[{"href":"https:\/\/iopartecipo.azionecattolica.it\/index.php?rest_route=\/wp\/v2\/posts"}],"about":[{"href":"https:\/\/iopartecipo.azionecattolica.it\/index.php?rest_route=\/wp\/v2\/types\/post"}],"author":[{"embeddable":true,"href":"https:\/\/iopartecipo.azionecattolica.it\/index.php?rest_route=\/wp\/v2\/users\/1"}],"replies":[{"embeddable":true,"href":"https:\/\/iopartecipo.azionecattolica.it\/index.php?rest_route=%2Fwp%2Fv2%2Fcomments&post=241"}],"version-history":[{"count":2,"href":"https:\/\/iopartecipo.azionecattolica.it\/index.php?rest_route=\/wp\/v2\/posts\/241\/revisions"}],"predecessor-version":[{"id":250,"href":"https:\/\/iopartecipo.azionecattolica.it\/index.php?rest_route=\/wp\/v2\/posts\/241\/revisions\/250"}],"wp:attachment":[{"href":"https:\/\/iopartecipo.azionecattolica.it\/index.php?rest_route=%2Fwp%2Fv2%2Fmedia&parent=241"}],"wp:term":[{"taxonomy":"category","embeddable":true,"href":"https:\/\/iopartecipo.azionecattolica.it\/index.php?rest_route=%2Fwp%2Fv2%2Fcategories&post=241"},{"taxonomy":"post_tag","embeddable":true,"href":"https:\/\/iopartecipo.azionecattolica.it\/index.php?rest_route=%2Fwp%2Fv2%2Ftags&post=241"}],"curies":[{"name":"wp","href":"https:\/\/api.w.org\/{rel}","templated":true}]}}