{"id":2426,"date":"2017-01-17T12:53:33","date_gmt":"2017-01-17T11:53:33","guid":{"rendered":"http:\/\/iopartecipo.azionecattolica.it\/?p=2426"},"modified":"2017-01-17T12:53:33","modified_gmt":"2017-01-17T11:53:33","slug":"lezioni-sospese-per-neve","status":"publish","type":"post","link":"https:\/\/iopartecipo.azionecattolica.it\/?p=2426","title":{"rendered":"Lezioni sospese per neve"},"content":{"rendered":"<p><a href=\"http:\/\/iopartecipo.azionecattolica.it\/wp-content\/uploads\/2017\/01\/neve.jpg\"><img loading=\"lazy\" class=\"aligncenter size-full wp-image-2427\" src=\"http:\/\/iopartecipo.azionecattolica.it\/wp-content\/uploads\/2017\/01\/neve.jpg\" alt=\"neve\" width=\"483\" height=\"240\" srcset=\"https:\/\/iopartecipo.azionecattolica.it\/wp-content\/uploads\/2017\/01\/neve.jpg 483w, https:\/\/iopartecipo.azionecattolica.it\/wp-content\/uploads\/2017\/01\/neve-300x149.jpg 300w\" sizes=\"(max-width: 483px) 100vw, 483px\" \/><\/a><\/p>\n<p style=\"text-align: right;\"><em>* di Luigi Gisolfi, msacchino di San Severo e Rappresentante di Consulta<\/em><\/p>\n<p>La foto parla da s\u00e9: il mercurio sale poco nei termometri delle scuole italiane.<br \/>\nGli studenti, vuoi che siano al bar, vuoi che siano l\u00ec per cercare un dialogo con le istituzioni, vuoi che rimangano a casa nei loro letti, lasciano i banchi vuoti.<br \/>\n\u00c8 la situazione di un\u2019Italia che non sa far fronte al problema del \u201cfreddo\u201d.<br \/>\nFreddo, s\u00ec.<br \/>\nPerch\u00e9, se in un edificio pubblico, nel nostro caso la scuola, non si raggiunge la benedetta soglia stabilita dall&#8217;<a href=\"http:\/\/www.gazzettaufficiale.it\/eli\/id\/1993\/10\/14\/093G0451\/sg\" target=\"_blank\">articolo 4 del DPR 412\/93<\/a>, tutti gli studenti hanno il diritto di dire che fa freddo.<\/p>\n<p>I presidi e gli insegnanti si schierano da tutte le parti: la spaccatura \u00e8 evidente, la soluzione no.<br \/>\nIl problema persiste anche tra i sindaci: la situazione sta sfuggendo di mano.<br \/>\nAlcune scuole chiudono, altre lasciano i battenti aperti.<\/p>\n<p>Tutti si domandano cosa far\u00e0 l\u2019Italia.<br \/>\nMolto probabilmente non lo sa neanche lo Stato.<br \/>\n\u00c8 interessante, a questo proposito, dare un\u2019occhiata a due situazioni verificatesi: la <a href=\"http:\/\/www.striscialanotizia.mediaset.it\/news\/a-striscia-la-notizia-tapiro-d%E2%80%99oro-al-sindaco-di-milano-beppe-sala-perche-negli-uffici-comunali-le-temperature-sono-altissime-ben-oltre-i-20-gradi-previsti-dal-piano-anti-inquinamento-_8595.shtml\" target=\"_blank\">prima<\/a>, di qualche giorno fa, andata in onda a Striscia la Notizia; la <a href=\"http:\/\/ricerca.repubblica.it\/repubblica\/archivio\/repubblica\/2016\/02\/04\/uffici-entro-i-20-gradi-ma-tutti-sforano-i-limitiBologna07.html\" target=\"_blank\">seconda<\/a>, di circa un anno fa, su \u201cLa Repubblica\u201d riguardante l\u2019Emilia Romagna.<\/p>\n<p>A questo punto ci sar\u00e0 chi legger\u00e0 l\u2019evento drasticamente, descrivendolo come l\u2019inevitabile conseguenza del male che l\u2019uomo sta causando al pianeta.<br \/>\nCi sar\u00e0 chi non far\u00e0 altro che pensare agli sprechi dei due casi sopracitati.<br \/>\nCi sar\u00e0 chi si affider\u00e0 al \u201cbuon senso\u201d e decider\u00e0 arbitrariamente se chiudere o meno questo o quell\u2019altro edificio pubblico.<br \/>\nCi sar\u00e0 chi si informer\u00e0, e cercher\u00e0 una soluzione che probabilmente non arriver\u00e0 mai.<br \/>\nNoi, nel frattempo, ci impegniamo a guardare con oggettivit\u00e0 la situazione di queste prime settimane del 2017 e ci chiediamo: cosa servirebbe? Degli emendamenti, in modo che le leggi si adeguino alla situazione italiana? Oppure basterebbero solo pi\u00f9 controlli, manutenzioni, insistenza e coerenza?<br \/>\nQuesto non siamo ancora riusciti a capirlo bene.<br \/>\nE il perch\u00e9 lo sappiamo tutti: questo non \u00e8 il quadro di una scuola, ma il grande affresco italiano, la foto chiaramente sfocata di un\u2019Italia che risulta troppo flessibile, troppo attaccata al \u201cbuon senso\u201d;<br \/>\nun\u2019Italia che possiede leggi e che non sa metterle in pratica;<br \/>\nun\u2019Italia che non sa cosa fare al minimo stravolgimento dell\u2019ordinario.<br \/>\nA noi tutti, ed in primis ai giovani, serve un\u2019Italia che si spenda.<br \/>\nUn\u2019Italia che non faccia utopiche le leggi e non spacci irregolarit\u00e0 per buon senso.<\/p>\n<p>Anche questa volta ha perso la bella Italia.<br \/>\nAnche oggi abbiamo perso.<br \/>\nAnche oggi ha vinto la legge, ma trasgredendo se stessa.<br \/>\nAnche questa volta, in Italia, non ha vinto nessuno.<\/p>\n<p>Per\u00f2 noi continuiamo a giocare.<br \/>\nSi sa mai.<\/p>\n<p>Noi continuiamo a giocare, s\u00ec, continuiamo&#8230; perch\u00e9 quando nelle nostre scuole, nelle nostre universit\u00e0 si formano studenti e giovani che non si fermano all&#8217;apparenza dei problemi ma sono capaci di capirne le cause e le possibili soluzioni (che tante volte passano dalle piccole azioni quotidiane), allora significa che ha vinto la bella Italia e che le cose possono ancora cambiare. Sta a noi conoscere le leggi, applicarle e combattere, con i mezzi che abbiamo a disposizione, quelli previsti dal nostro Ordinamento, perch\u00e9 esse siano realmente efficaci o vengano migliorate. Le prime armi a nostra disposizione: informarsi, partecipare ed essere propositivi.<\/p>\n","protected":false},"excerpt":{"rendered":"<p>* di Luigi Gisolfi, msacchino di San Severo e Rappresentante di Consulta La foto parla da s\u00e9: il mercurio sale poco nei termometri delle scuole italiane. Gli studenti, vuoi che siano al bar, vuoi che siano l\u00ec per cercare un dialogo con le istituzioni, vuoi che rimangano a casa nei loro letti, lasciano i banchi [&hellip;]<\/p>\n","protected":false},"author":177,"featured_media":0,"comment_status":"open","ping_status":"open","sticky":false,"template":"","format":"standard","meta":[],"categories":[1],"tags":[],"_links":{"self":[{"href":"https:\/\/iopartecipo.azionecattolica.it\/index.php?rest_route=\/wp\/v2\/posts\/2426"}],"collection":[{"href":"https:\/\/iopartecipo.azionecattolica.it\/index.php?rest_route=\/wp\/v2\/posts"}],"about":[{"href":"https:\/\/iopartecipo.azionecattolica.it\/index.php?rest_route=\/wp\/v2\/types\/post"}],"author":[{"embeddable":true,"href":"https:\/\/iopartecipo.azionecattolica.it\/index.php?rest_route=\/wp\/v2\/users\/177"}],"replies":[{"embeddable":true,"href":"https:\/\/iopartecipo.azionecattolica.it\/index.php?rest_route=%2Fwp%2Fv2%2Fcomments&post=2426"}],"version-history":[{"count":1,"href":"https:\/\/iopartecipo.azionecattolica.it\/index.php?rest_route=\/wp\/v2\/posts\/2426\/revisions"}],"predecessor-version":[{"id":2428,"href":"https:\/\/iopartecipo.azionecattolica.it\/index.php?rest_route=\/wp\/v2\/posts\/2426\/revisions\/2428"}],"wp:attachment":[{"href":"https:\/\/iopartecipo.azionecattolica.it\/index.php?rest_route=%2Fwp%2Fv2%2Fmedia&parent=2426"}],"wp:term":[{"taxonomy":"category","embeddable":true,"href":"https:\/\/iopartecipo.azionecattolica.it\/index.php?rest_route=%2Fwp%2Fv2%2Fcategories&post=2426"},{"taxonomy":"post_tag","embeddable":true,"href":"https:\/\/iopartecipo.azionecattolica.it\/index.php?rest_route=%2Fwp%2Fv2%2Ftags&post=2426"}],"curies":[{"name":"wp","href":"https:\/\/api.w.org\/{rel}","templated":true}]}}