{"id":245,"date":"2008-11-14T17:46:33","date_gmt":"2008-11-14T16:46:33","guid":{"rendered":"http:\/\/www.azionecattolica.it\/net\/iopartecipo\/?p=245"},"modified":"2009-09-23T09:25:29","modified_gmt":"2009-09-23T08:25:29","slug":"tutte-le-riforme-della-gelmini","status":"publish","type":"post","link":"https:\/\/iopartecipo.azionecattolica.it\/?p=245","title":{"rendered":"Tutte le riforme della Gelmini"},"content":{"rendered":"<p style=\"text-align: center;\">Dalla scuola all&#8217;universit\u00e0, ecco un documento sintesi dei provvedimenti e di ci\u00f2 che \u00e8 successo alla Camera e al Senato per la loro approvazione. Grazie alla FUCI per averci passato questa &#8220;dritta&#8221;<\/p>\n<p style=\"text-align: center;\"><a href=\"http:\/\/www.azionecattolica.it\/net\/iopartecipo\/wp-content\/uploads\/2008\/11\/tutte-le-riforme-della-scuola-e-universita.doc\">Tutte le riforme della scuola e universita<\/a><\/p>\n","protected":false},"excerpt":{"rendered":"<p>Dalla scuola all&#8217;universit\u00e0, ecco un documento sintesi dei provvedimenti e di ci\u00f2 che \u00e8 successo alla Camera e al Senato per la loro approvazione. Grazie alla FUCI per averci passato questa &#8220;dritta&#8221; Tutte le riforme della scuola e universita<\/p>\n","protected":false},"author":3,"featured_media":0,"comment_status":"open","ping_status":"open","sticky":false,"template":"","format":"standard","meta":[],"categories":[13],"tags":[],"_links":{"self":[{"href":"https:\/\/iopartecipo.azionecattolica.it\/index.php?rest_route=\/wp\/v2\/posts\/245"}],"collection":[{"href":"https:\/\/iopartecipo.azionecattolica.it\/index.php?rest_route=\/wp\/v2\/posts"}],"about":[{"href":"https:\/\/iopartecipo.azionecattolica.it\/index.php?rest_route=\/wp\/v2\/types\/post"}],"author":[{"embeddable":true,"href":"https:\/\/iopartecipo.azionecattolica.it\/index.php?rest_route=\/wp\/v2\/users\/3"}],"replies":[{"embeddable":true,"href":"https:\/\/iopartecipo.azionecattolica.it\/index.php?rest_route=%2Fwp%2Fv2%2Fcomments&post=245"}],"version-history":[{"count":4,"href":"https:\/\/iopartecipo.azionecattolica.it\/index.php?rest_route=\/wp\/v2\/posts\/245\/revisions"}],"predecessor-version":[{"id":780,"href":"https:\/\/iopartecipo.azionecattolica.it\/index.php?rest_route=\/wp\/v2\/posts\/245\/revisions\/780"}],"wp:attachment":[{"href":"https:\/\/iopartecipo.azionecattolica.it\/index.php?rest_route=%2Fwp%2Fv2%2Fmedia&parent=245"}],"wp:term":[{"taxonomy":"category","embeddable":true,"href":"https:\/\/iopartecipo.azionecattolica.it\/index.php?rest_route=%2Fwp%2Fv2%2Fcategories&post=245"},{"taxonomy":"post_tag","embeddable":true,"href":"https:\/\/iopartecipo.azionecattolica.it\/index.php?rest_route=%2Fwp%2Fv2%2Ftags&post=245"}],"curies":[{"name":"wp","href":"https:\/\/api.w.org\/{rel}","templated":true}]}}