{"id":2476,"date":"2017-05-06T17:52:19","date_gmt":"2017-05-06T16:52:19","guid":{"rendered":"http:\/\/iopartecipo.azionecattolica.it\/?p=2476"},"modified":"2017-05-06T17:52:37","modified_gmt":"2017-05-06T16:52:37","slug":"deleghe-buona-scuola-la-ministra-fedeli-incontra-gli-studenti","status":"publish","type":"post","link":"https:\/\/iopartecipo.azionecattolica.it\/?p=2476","title":{"rendered":"Deleghe Buona Scuola, la Ministra Fedeli incontra gli studenti"},"content":{"rendered":"<p>La Ministra Fedeli, per la seconda volta dall\u2019inizio del suo mandato, ha scelto di incontrare oggi\u00a0 le associazioni studentesche. E noi,\u00a0 alle ore 13 in punto, a nome delle msacchine e degli msacchini d\u2019Italia, siamo entrati nel salone dei Ministri di viale Trastevere con in mano le nostre proposte e i testi delle deleghe.<\/p>\n<p>L\u2019incontro si \u00e8 prolungato per ore, insieme ai rappresentati delle associazioni studentesche c\u2019erano anche i coordinatori regionali delle Consulte Provinciali. I temi trattati sono stati molti e\u00a0 la Ministra ha rinnovato l\u2019intenzione di portare avanti diversi nuovi gruppi di lavoro insieme alla componente studentesca. Poi sono seguiti gli aggiornamenti sui testi delle deleghe:<\/p>\n<ol>\n<li>DIRITTO ALLO STUDIO. Con piacere abbiamo appreso che il fondo per le borse di studio per libri, trasporti e mobilit\u00e0, servizi culturali \u00e8 triplicato rispetto alla prima versione del testo della delega: da 10 a 30 milioni, che a regime diventeranno quasi 40. Inoltre ci sar\u00e0 un\u2019esenzione dalle tasse scolastiche statali degli ultimi due anni di scuola in base all\u2019ISEE. Anche la carta Io Studio sar\u00e0 potenziata e diventer\u00e0 un \u201cborsellino elettronico\u201d, con la possibilit\u00e0 di accedere con la carta ai finanziamenti stanziati per la borsa di studio. Verr\u00e0 istituita un Conferenza nazionale per stabilire i criteri per accedere alle borse di studio, a cui parteciper\u00e0 una rappresentanza di studentesse e studenti.<\/li>\n<li>VALUTAZIONE ED ESAME DI STATO. Sono state accolte diverse richieste delle studentesse e degli studenti: svolgere la prova INVALSI diventer\u00e0 necessario per poter accedere all\u2019esame, ma il punteggio non entrer\u00e0 nel voto della maturit\u00e0 e non potr\u00e0 essere usato come criterio di ammissione per l\u2019universit\u00e0. Rimane la tesina per come la conosciamo e solo in parte verr\u00e0 esposto un resoconto dell\u2019esperienza di alternanza.<\/li>\n<\/ol>\n<p>E finalmente, dopo anni che come forum delle associazioni studentesche lavoriamo sula <i>Carta dei diritti e dei doveri delle studentesse e degli studenti in alternanza<\/i>, questa proposta sta per essere realt\u00e0 per tutte le scuole d\u2019Italia.<\/p>\n<p>Insomma, possiamo dire che le idee delle msacchine e degli msacchini hanno contribuito a migliorare i testi delle deleghe, per esempio sull\u2019aumento dei fondi per il diritto allo studio, la formazione della Conferenza nazionale per il diritto allo studio, l\u2019esame di maturit\u00e0. Questo ci spinge ancora di pi\u00f9 a dialogare, a riflettere, a sognare la nostra scuola con quella passione a cui pap\u00e0 Francesco ci invita.<a href=\"http:\/\/iopartecipo.azionecattolica.it\/wp-content\/uploads\/2017\/05\/Schermata-2017-05-06-alle-18.41.53.png\"><img loading=\"lazy\" class=\"aligncenter size-full wp-image-2477\" src=\"http:\/\/iopartecipo.azionecattolica.it\/wp-content\/uploads\/2017\/05\/Schermata-2017-05-06-alle-18.41.53.png\" alt=\"Schermata 2017-05-06 alle 18.41.53\" width=\"776\" height=\"586\" srcset=\"https:\/\/iopartecipo.azionecattolica.it\/wp-content\/uploads\/2017\/05\/Schermata-2017-05-06-alle-18.41.53.png 776w, https:\/\/iopartecipo.azionecattolica.it\/wp-content\/uploads\/2017\/05\/Schermata-2017-05-06-alle-18.41.53-300x227.png 300w, https:\/\/iopartecipo.azionecattolica.it\/wp-content\/uploads\/2017\/05\/Schermata-2017-05-06-alle-18.41.53-624x471.png 624w\" sizes=\"(max-width: 776px) 100vw, 776px\" \/><\/a><\/p>\n","protected":false},"excerpt":{"rendered":"<p>La Ministra Fedeli, per la seconda volta dall\u2019inizio del suo mandato, ha scelto di incontrare oggi\u00a0 le associazioni studentesche. E noi,\u00a0 alle ore 13 in punto, a nome delle msacchine e degli msacchini d\u2019Italia, siamo entrati nel salone dei Ministri di viale Trastevere con in mano le nostre proposte e i testi delle deleghe. L\u2019incontro [&hellip;]<\/p>\n","protected":false},"author":177,"featured_media":0,"comment_status":"open","ping_status":"open","sticky":false,"template":"","format":"standard","meta":[],"categories":[3,1],"tags":[],"_links":{"self":[{"href":"https:\/\/iopartecipo.azionecattolica.it\/index.php?rest_route=\/wp\/v2\/posts\/2476"}],"collection":[{"href":"https:\/\/iopartecipo.azionecattolica.it\/index.php?rest_route=\/wp\/v2\/posts"}],"about":[{"href":"https:\/\/iopartecipo.azionecattolica.it\/index.php?rest_route=\/wp\/v2\/types\/post"}],"author":[{"embeddable":true,"href":"https:\/\/iopartecipo.azionecattolica.it\/index.php?rest_route=\/wp\/v2\/users\/177"}],"replies":[{"embeddable":true,"href":"https:\/\/iopartecipo.azionecattolica.it\/index.php?rest_route=%2Fwp%2Fv2%2Fcomments&post=2476"}],"version-history":[{"count":1,"href":"https:\/\/iopartecipo.azionecattolica.it\/index.php?rest_route=\/wp\/v2\/posts\/2476\/revisions"}],"predecessor-version":[{"id":2478,"href":"https:\/\/iopartecipo.azionecattolica.it\/index.php?rest_route=\/wp\/v2\/posts\/2476\/revisions\/2478"}],"wp:attachment":[{"href":"https:\/\/iopartecipo.azionecattolica.it\/index.php?rest_route=%2Fwp%2Fv2%2Fmedia&parent=2476"}],"wp:term":[{"taxonomy":"category","embeddable":true,"href":"https:\/\/iopartecipo.azionecattolica.it\/index.php?rest_route=%2Fwp%2Fv2%2Fcategories&post=2476"},{"taxonomy":"post_tag","embeddable":true,"href":"https:\/\/iopartecipo.azionecattolica.it\/index.php?rest_route=%2Fwp%2Fv2%2Ftags&post=2476"}],"curies":[{"name":"wp","href":"https:\/\/api.w.org\/{rel}","templated":true}]}}