{"id":252,"date":"2008-11-13T21:09:13","date_gmt":"2008-11-13T20:09:13","guid":{"rendered":"http:\/\/www.azionecattolica.it\/net\/iopartecipo\/?p=252"},"modified":"2008-11-17T21:16:50","modified_gmt":"2008-11-17T20:16:50","slug":"caro-libri-il-parere-del-msac","status":"publish","type":"post","link":"https:\/\/iopartecipo.azionecattolica.it\/?p=252","title":{"rendered":"Caro libri-il parere del Msac"},"content":{"rendered":"<p style=\"center;\">Vi riportiamo qui di seguito il testo del parere che il Msac ha inviato al Dipartimento Istruzione del Comune di Roma; L&#8217;assessorato all&#8217;Istruzione del Comune di Roma, infatti, da circa un mese, ha istituito un tavolo di lavoro sul problema &#8220;Caro libri&#8221;: A questo tavolo di lavoro hanno preso parte numerose associazioni di studenti e di genitori oltre ai rappresentanti delle Istituzioni.<\/p>\n<p><a href=\"http:\/\/www.corriereromano.it\/public\/img_3039_marsilio.jpg\"><img loading=\"lazy\" src=\"http:\/\/www.corriereromano.it\/public\/img_3039_marsilio.jpg\" alt=\"Lassessore allIstruzione del Comune di Roma, Laura Marsilio\" width=\"295\" height=\"376\" \/><\/a><\/p>\n<p><a href=\"http:\/\/www.corriereromano.it\/public\/img_3039_marsilio.jpg\"><\/a><span style=\"17px;\">L&#8217;assessore all&#8217;Istruzione del Comune di Roma, Laura Marsilio<\/span><\/p>\n<p><!--StartFragment--><\/p>\n<p class=\"MsoNormal\" align=\"right\">\u00a0<\/p>\n<p class=\"MsoNormal\" align=\"right\">\u00a0<\/p>\n<p class=\"MsoNormal\" align=\"right\"><span>Roma, 13 novembre 2008<\/span><\/p>\n<p class=\"MsoNormal\"><!--StartFragment--><\/p>\n<p class=\"MsoNormal\" style=\"left;\"><span>Il Movimento studenti di Azione Cattolica (Msac) comunica, come richiesto dall\u2019assessore Laura Marsilio durante la prima riunione del gruppo di lavoro \u201ccaro libri\u201d,\u00a0 alcune proposte in merito a tale problema, che molto abbiamo a cuore e riguardo al quale auspichiamo al pi\u00f9 presto l\u2019approvazione di una legge quadro nazionale, al fine di garantire il diritto allo studio a tutti gli studenti italiani, secondo quanto stabilito dagli articoli 3 e 34 della Costituzione Italiana, per operare finalmente la perequazione delle gravi disparit\u00e0 che attualmente sussistono in materia tra le regioni pi\u00f9 ricche e quelle pi\u00f9 povere del paese.<\/span><\/p>\n<p class=\"MsoNormal\" style=\"left;\"><span>Nell\u2019attesa di questo importante intervento legislativo<span>,<\/span> riteniamo che gli Enti Locali a tutti i livelli abbiano la possibilit\u00e0 di destinare delle somme che permettano l\u2019acquisto da parte delle singole scuole di una sufficiente quantit\u00e0 di libri di testo in adozione nelle varie classi. Verrebbero create in questo modo delle biblioteche con un gran numero di libri di testo che potrebbero quindi essere presi in prestito. Ci\u00f2 sarebbe necessario in particolare per i libri di testo pi\u00f9 costosi, che gli studenti potrebbero evitare di comprare usufruendo dei libri in dotazione nella biblioteca scolastica. Al termine dell\u2019anno scolastico il libro verrebbe riconsegnato e, qualora fosse danneggiato o la famiglia, superata la difficolt\u00e0 economica<span>,<\/span> desiderasse riscattarlo<span>,<\/span> lo studente e\/o la famiglia sarebbero tenuti a rimborsare il costo di copertina o una percentuale dello stesso.<\/span><\/p>\n<p class=\"MsoNormal\" style=\"left;\"><span>Riterremmo poi importante garantire almeno una semigratuit\u00e0 per l\u2019acquisto dei libri di testo nelle scuole secondarie di primo e di secondo grado, privilegiando questo ciclo di studi rispetto alla scuola primaria, che attualmente gode della totale gratuit\u00e0 e che rispetto alle scuole secondarie, prevede una spesa totale di gran lunga inferiore per l\u2019acquisto della dotazione.<\/span><\/p>\n<p class=\"MsoNormal\" style=\"left;\"><span>Riguardo <span>a<\/span>l sistema dell\u2019adozione dei libri di testo<span>,<\/span> \u00e8 necessario attuare un inte<span>r<\/span>vento di monitoraggio<span>,<\/span> specialmente nella scuola secondaria di secondo grado<span>,<\/span> volto da un lato a verificare la piena attuazione dell\u2019art. 2 comma 4 del DPR 249\/1998 secondo il quale \u201cgli studenti, i genitori e i docenti devono collaborare nella scelta dei libri di testo tenendo conto anche del fattore economico\u201d e dall\u2019altro, qualora nelle scuole risultino \u201clibri consigliati\u201d, a verificare che questi siano realmente tali, prevedendo delle sanzioni amministrative per le scuole che impiegano il sistema del libro di testo con acquisto consigliato<span>,<\/span> ma che in realt\u00e0 obbligano lo studente all\u2019acquisto dello stesso.<\/span><\/p>\n<p class=\"MsoNormal\" style=\"left;\"><span>Inoltre sarebbe importante nell\u2019attribuzione dei buoni scuola ten<span>e<\/span>re conto non solo dell\u2019Isee, ma anche, in una certa misura, del merito, coniugando la necessit\u00e0 di andare incontro alle famiglie in situazioni economiche disagiate, con la volont\u00e0 di premiare gli studenti meritevoli.<\/span><\/p>\n<p class=\"MsoNormal\" style=\"left;\"><span>Riteniamo fondamentale infine un monitoraggio ministeriale che garantisca il rispetto da parte degli editori dell\u2019art. 5 del Dl 137\/2008 recentemente convertito in legge, con particolare attenzione a garantire che la possibilit\u00e0 di aggiornamento mediante appendici non consenta agli editori di eludere quanto disposto dalla Legge. \u00a0<\/span><\/p>\n<p><!--EndFragment--><\/p>\n<p class=\"MsoNormal\" style=\"left;\"><span>\u00a0<\/span><\/p>\n<p class=\"MsoNormal\" align=\"right\"><span>Il Movimento Studenti di Azione Cattolica<\/span><\/p>\n<p class=\"MsoNormal\">\u00a0<\/p>\n<p><!--EndFragment--><\/p>\n","protected":false},"excerpt":{"rendered":"<p>Vi riportiamo qui di seguito il testo del parere che il Msac ha inviato al Dipartimento Istruzione del Comune di Roma; L&#8217;assessorato all&#8217;Istruzione del Comune di Roma, infatti, da circa un mese, ha istituito un tavolo di lavoro sul problema &#8220;Caro libri&#8221;: A questo tavolo di lavoro hanno preso parte numerose associazioni di studenti e [&hellip;]<\/p>\n","protected":false},"author":5,"featured_media":0,"comment_status":"open","ping_status":"open","sticky":false,"template":"","format":"standard","meta":[],"categories":[3],"tags":[],"_links":{"self":[{"href":"https:\/\/iopartecipo.azionecattolica.it\/index.php?rest_route=\/wp\/v2\/posts\/252"}],"collection":[{"href":"https:\/\/iopartecipo.azionecattolica.it\/index.php?rest_route=\/wp\/v2\/posts"}],"about":[{"href":"https:\/\/iopartecipo.azionecattolica.it\/index.php?rest_route=\/wp\/v2\/types\/post"}],"author":[{"embeddable":true,"href":"https:\/\/iopartecipo.azionecattolica.it\/index.php?rest_route=\/wp\/v2\/users\/5"}],"replies":[{"embeddable":true,"href":"https:\/\/iopartecipo.azionecattolica.it\/index.php?rest_route=%2Fwp%2Fv2%2Fcomments&post=252"}],"version-history":[{"count":4,"href":"https:\/\/iopartecipo.azionecattolica.it\/index.php?rest_route=\/wp\/v2\/posts\/252\/revisions"}],"predecessor-version":[{"id":256,"href":"https:\/\/iopartecipo.azionecattolica.it\/index.php?rest_route=\/wp\/v2\/posts\/252\/revisions\/256"}],"wp:attachment":[{"href":"https:\/\/iopartecipo.azionecattolica.it\/index.php?rest_route=%2Fwp%2Fv2%2Fmedia&parent=252"}],"wp:term":[{"taxonomy":"category","embeddable":true,"href":"https:\/\/iopartecipo.azionecattolica.it\/index.php?rest_route=%2Fwp%2Fv2%2Fcategories&post=252"},{"taxonomy":"post_tag","embeddable":true,"href":"https:\/\/iopartecipo.azionecattolica.it\/index.php?rest_route=%2Fwp%2Fv2%2Ftags&post=252"}],"curies":[{"name":"wp","href":"https:\/\/api.w.org\/{rel}","templated":true}]}}