{"id":260,"date":"2008-11-22T23:21:52","date_gmt":"2008-11-22T22:21:52","guid":{"rendered":"http:\/\/www.azionecattolica.it\/net\/iopartecipo\/?p=260"},"modified":"2009-09-23T09:25:06","modified_gmt":"2009-09-23T08:25:06","slug":"sicurezza-dello-studio","status":"publish","type":"post","link":"https:\/\/iopartecipo.azionecattolica.it\/?p=260","title":{"rendered":"Sicurezza&#8230; dello studio"},"content":{"rendered":"<div style=\"text-align: left;\">Dedicato a Vito Scafidi&#8230;<\/div>\n<div><img loading=\"lazy\" class=\"aligncenter\" src=\"http:\/\/www.ilvesuviano.it\/wp-content\/uploads\/2008\/03\/cittadattiva_colori.jpg\" alt=\"\" width=\"419\" height=\"318\" \/><\/div>\n<div><strong>25 novembre, Giornata nazionale della sicurezza scolastica promossa da Cittadinanzattiva. Eventi ed attivit\u00e0 in 10.000 scuole. A Roma appuntamento all\u2019Istituto Galilei per \u201cdipingere\u201d la sicurezza<\/strong><\/div>\n<p>Roma, 12 novembre 2008<\/p>\n<p align=\"justify\">Il 25 novembre diecimila scuole partecipano alla VI Giornata nazionale della sicurezza scolastica, promossa da Cittadinanzattiva: attivit\u00e0, eventi, manifestazioni in tutta Italia per promuovere la cultura della sicurezza e della salute tra i pi\u00f9 giovani e richiamare l&#8217;attenzione delle istituzioni. L\u2019evento nazionale si svolger\u00e0 a Roma, presso l\u2019Istituto tecnico industriale Galilei, in via Conte Verde 51 (fermata metro Manzoni), ore 9-13.<\/p>\n<p align=\"justify\">L\u2019iniziativa coinvolger\u00e0 circa 120 studenti di scuole secondarie della citt\u00e0 perch\u00e9 realizzino graffiti e pannelli artistici sul tema della sicurezza a scuola, declinata in tutti i suoi aspetti: sicurezza strutturale, prevenzione e lotta ai comportamenti violenti e al bullismo, prevenzione dall\u2019uso di droghe e fumo, corretto utilizzo delle nuove tecnologie. All\u2019iniziativa di Roma sono stati invitati a partecipare rappresentanti di: Ministero dell\u2019Istruzione, Ministero della Giovent\u00f9, Commissione Cultura della Camera, Provincia di Roma, Dipartimento della Protezione civile.<\/p>\n<p align=\"justify\">Cittadinanzattiva invita a segnalare situazioni di insicurezza nelle scuole, di ogni ordine e grado: sovraffollamento delle aule, barriere architettoniche e qualit\u00e0 della vita dei disabili, crolli di intonaco e infiltrazioni di acqua, incidenti a scuola, palestre scolastiche inagibili.Si pu\u00f2 inviare la segnalazione sul sito www.cittadinanzattiva.it oppure telefonare allo 06.36718555 (PIT Servizi, dal luned\u00ec al venerd\u00ec ore 9-13.30).<\/p>\n<p align=\"justify\">\n<p align=\"justify\">La Giornata, in collaborazione con il Dipartimento della Protezione civile, si colloca nell\u2019ambito della Campagna IMPARARESICURI di Cittadinanzattiva, giunta quest\u2019anno alla sua VI Edizione. La Campagna Impararesicuri 2008 si svolge sotto l\u2019Alto Patronato della Presidenza della Repubblica, con la collaborazione del Dipartimento della Protezione civile e con i Patrocini del Ministero dell\u2019Istruzione, dell\u2019Universit\u00e0 e della Ricerca, del Ministero delle Politiche Agricole Alimentari e Forestali, del Ministero delle Politiche Giovanili e delle Attivit\u00e0 Sportive, del Ministero del Lavoro, della Salute e delle Politiche Sociali.<\/p>\n","protected":false},"excerpt":{"rendered":"<p>Dedicato a Vito Scafidi&#8230; 25 novembre, Giornata nazionale della sicurezza scolastica promossa da Cittadinanzattiva. Eventi ed attivit\u00e0 in 10.000 scuole. A Roma appuntamento all\u2019Istituto Galilei per \u201cdipingere\u201d la sicurezza Roma, 12 novembre 2008 Il 25 novembre diecimila scuole partecipano alla VI Giornata nazionale della sicurezza scolastica, promossa da Cittadinanzattiva: attivit\u00e0, eventi, manifestazioni in tutta Italia [&hellip;]<\/p>\n","protected":false},"author":1,"featured_media":0,"comment_status":"open","ping_status":"open","sticky":false,"template":"","format":"standard","meta":[],"categories":[6],"tags":[],"_links":{"self":[{"href":"https:\/\/iopartecipo.azionecattolica.it\/index.php?rest_route=\/wp\/v2\/posts\/260"}],"collection":[{"href":"https:\/\/iopartecipo.azionecattolica.it\/index.php?rest_route=\/wp\/v2\/posts"}],"about":[{"href":"https:\/\/iopartecipo.azionecattolica.it\/index.php?rest_route=\/wp\/v2\/types\/post"}],"author":[{"embeddable":true,"href":"https:\/\/iopartecipo.azionecattolica.it\/index.php?rest_route=\/wp\/v2\/users\/1"}],"replies":[{"embeddable":true,"href":"https:\/\/iopartecipo.azionecattolica.it\/index.php?rest_route=%2Fwp%2Fv2%2Fcomments&post=260"}],"version-history":[{"count":2,"href":"https:\/\/iopartecipo.azionecattolica.it\/index.php?rest_route=\/wp\/v2\/posts\/260\/revisions"}],"predecessor-version":[{"id":779,"href":"https:\/\/iopartecipo.azionecattolica.it\/index.php?rest_route=\/wp\/v2\/posts\/260\/revisions\/779"}],"wp:attachment":[{"href":"https:\/\/iopartecipo.azionecattolica.it\/index.php?rest_route=%2Fwp%2Fv2%2Fmedia&parent=260"}],"wp:term":[{"taxonomy":"category","embeddable":true,"href":"https:\/\/iopartecipo.azionecattolica.it\/index.php?rest_route=%2Fwp%2Fv2%2Fcategories&post=260"},{"taxonomy":"post_tag","embeddable":true,"href":"https:\/\/iopartecipo.azionecattolica.it\/index.php?rest_route=%2Fwp%2Fv2%2Ftags&post=260"}],"curies":[{"name":"wp","href":"https:\/\/api.w.org\/{rel}","templated":true}]}}