{"id":262,"date":"2008-12-11T22:37:45","date_gmt":"2008-12-11T21:37:45","guid":{"rendered":"http:\/\/www.azionecattolica.it\/net\/iopartecipo\/?p=262"},"modified":"2009-09-23T09:22:02","modified_gmt":"2009-09-23T08:22:02","slug":"slitta-a-settembre-2010-la-riforma-moratti","status":"publish","type":"post","link":"https:\/\/iopartecipo.azionecattolica.it\/?p=262","title":{"rendered":"slitta a settembre 2010 la riforma del II ciclo"},"content":{"rendered":"<p>Riportiamo qui di seguito il testo del Comunicato stampa del Ministero della Pubblica Istruzione nel quale si rende noto che il ministro Gelmini ha deciso di far slittare l&#8217;inizio della\u00a0Riforma del II ciclo\u00a0a settembre 2010.<\/p>\n<div style=\"width: 310px\" class=\"wp-caption aligncenter\"><a href=\"http:\/\/www.lastampa.it\/redazione\/cmssezioni\/politica\/200809images\/gelmini01g.jpg\"><img loading=\"lazy\" src=\"http:\/\/www.lastampa.it\/redazione\/cmssezioni\/politica\/200809images\/gelmini01g.jpg\" alt=\"il ministro Gelmini\" width=\"300\" height=\"230\" \/><\/a><p class=\"wp-caption-text\">il ministro Gelmini<\/p><\/div>\n<table class=\"elencoNews\" border=\"0\">\n<tbody>\n<tr>\n<td class=\"testo\" colspan=\"2\">Sar\u00e0 presentata oggi ai sindacati la riforma del sistema dell\u2019istruzione e degli ordinamenti scolastici. Parte da oggi una vera e propria rivoluzione e riorganizzazione della scuola in Italia.<br \/>\nLa riforma ha come obiettivo quello di modernizzare l\u2019offerta formativa in Italia ed \u00e8 il risultato del lavoro di questo governo e dei precedenti ministri Moratti e Fioroni. Il provvedimento sar\u00e0 portato in Consiglio dei Ministri il 18 dicembre e prevede l\u2019avvio dal settembre 2009 della riforma del primo ciclo.<br \/>\nDal 1\u00b0 settembre 2010 invece partir\u00e0 la riforma del secondo ciclo, inizialmente prevista per il 1\u00b0 settembre 2009, per dare modo alle scuole e alle famiglie di essere correttamente informate sui rilevanti cambiamenti e sulle innovazioni degli indirizzi. In particolare sul secondo ciclo si aprir\u00e0 un confronto con tutti i soggetti della scuola sull\u2019applicazione metodologico-didattica dei nuovi regolamenti. I punti principali della riforma sono lo snellimento e la semplificazione degli indirizzi scolastici, pi\u00f9 legame tra le richieste del mondo del lavoro e la scuola, il riordino degli istituti tecnici e pi\u00f9 opportunit\u00e0 per le famiglie. In particolare saranno messe a regime le migliori esperienze delle sperimentazioni, l\u2019aumento dello studio della lingua inglese, l\u2019aumento delle ore scientifiche e di matematica, la riforma degli istituti tecnici che passano da 39 a 11 e la riorganizzazione del sistema dei licei.<\/p>\n<p>(dal sito internet del ministero)<\/td>\n<\/tr>\n<\/tbody>\n<\/table>\n","protected":false},"excerpt":{"rendered":"<p>Riportiamo qui di seguito il testo del Comunicato stampa del Ministero della Pubblica Istruzione nel quale si rende noto che il ministro Gelmini ha deciso di far slittare l&#8217;inizio della\u00a0Riforma del II ciclo\u00a0a settembre 2010. Sar\u00e0 presentata oggi ai sindacati la riforma del sistema dell\u2019istruzione e degli ordinamenti scolastici. Parte da oggi una vera e [&hellip;]<\/p>\n","protected":false},"author":5,"featured_media":0,"comment_status":"open","ping_status":"open","sticky":false,"template":"","format":"standard","meta":[],"categories":[13],"tags":[],"_links":{"self":[{"href":"https:\/\/iopartecipo.azionecattolica.it\/index.php?rest_route=\/wp\/v2\/posts\/262"}],"collection":[{"href":"https:\/\/iopartecipo.azionecattolica.it\/index.php?rest_route=\/wp\/v2\/posts"}],"about":[{"href":"https:\/\/iopartecipo.azionecattolica.it\/index.php?rest_route=\/wp\/v2\/types\/post"}],"author":[{"embeddable":true,"href":"https:\/\/iopartecipo.azionecattolica.it\/index.php?rest_route=\/wp\/v2\/users\/5"}],"replies":[{"embeddable":true,"href":"https:\/\/iopartecipo.azionecattolica.it\/index.php?rest_route=%2Fwp%2Fv2%2Fcomments&post=262"}],"version-history":[{"count":7,"href":"https:\/\/iopartecipo.azionecattolica.it\/index.php?rest_route=\/wp\/v2\/posts\/262\/revisions"}],"predecessor-version":[{"id":772,"href":"https:\/\/iopartecipo.azionecattolica.it\/index.php?rest_route=\/wp\/v2\/posts\/262\/revisions\/772"}],"wp:attachment":[{"href":"https:\/\/iopartecipo.azionecattolica.it\/index.php?rest_route=%2Fwp%2Fv2%2Fmedia&parent=262"}],"wp:term":[{"taxonomy":"category","embeddable":true,"href":"https:\/\/iopartecipo.azionecattolica.it\/index.php?rest_route=%2Fwp%2Fv2%2Fcategories&post=262"},{"taxonomy":"post_tag","embeddable":true,"href":"https:\/\/iopartecipo.azionecattolica.it\/index.php?rest_route=%2Fwp%2Fv2%2Ftags&post=262"}],"curies":[{"name":"wp","href":"https:\/\/api.w.org\/{rel}","templated":true}]}}