{"id":275,"date":"2009-01-25T13:22:58","date_gmt":"2009-01-25T12:22:58","guid":{"rendered":"http:\/\/www.azionecattolica.it\/net\/iopartecipo\/?p=275"},"modified":"2009-09-23T09:24:42","modified_gmt":"2009-09-23T08:24:42","slug":"maturita-2009","status":"publish","type":"post","link":"https:\/\/iopartecipo.azionecattolica.it\/?p=275","title":{"rendered":"Maturit\u00e0 2009"},"content":{"rendered":"<p>Carissimi msacchini,<\/p>\n<p>venerd\u00ec il Ministro Mariastella Gelmini ha annunciato tramite il suo canale su YouTube le materie scelte per la seconda prova dell&#8217;esame di stato 2009. Le riportiamo qui di seguito*:<\/p>\n<p>LICEI:<\/p>\n<p>classico: Latino (commissario esterno)<\/p>\n<p>scientifico: matematica (commissario esterno)<\/p>\n<p>linguistico: lingua straniera (commissario interno)<\/p>\n<p>artistico: elementi di architettura<\/p>\n<p>pedagogico: pedagogia<\/p>\n<p>ISTITUTI TECNICI E PROFESSIONALI<\/p>\n<p>ind. ragionieri: Economia aziendale<\/p>\n<p>ind. geometri: Tecnologie delle costruzioni<\/p>\n<p>tecnici commerciali per programmatori: informatica generale e applicazioni gestionali<\/p>\n<p>periti aziendali e corrispondenti in lingue straniere: lingua straniera<\/p>\n<p>ind. elettronica e telecomunicazioni: sistemi elettronici automatici<\/p>\n<p>ind. meccanica: disegno, progettazione e organizzazione industriale<\/p>\n<p>ind. chimico: tecnologie chimiche industriali, principi di automazione e di organizzazione industriale<\/p>\n<p>tecnico della grafica pubblicitaria: progettazione grafica<\/p>\n<p>tecnico dell&#8217;abbigliamento e della moda: disegno professionale<\/p>\n<p>Riportiamo anche le materie affidate ai commissari esterni (nel caso se ne riportino solo due ci\u00f2 significa che la terza materia esterna \u00e8 quella oggetto della seconda prova):<\/p>\n<p>classico: matematica, filosofia<\/p>\n<p>scientifico: disegno e st. arte, scienze<\/p>\n<p>linguistico: italiano, filosofia, scienze naturali<\/p>\n<p>artistico: italiano, figura e ornato modellato, storia dell&#8217;arte<\/p>\n<p>ragionieri: geografia economica, diritto<\/p>\n<p>per tutti gli altri indirizzi potete consultare il sito www.istruzione.it<\/p>\n<p>*le materie della seconda prova e quelle affidate ai commissari esterni qui riportate sono valide solo per i corsi ordinari. Per le sperimentazioni controllare sul sito del Ministero www.istruzione.it<\/p>\n<p>Il ministro nel suo messaggio-video ha dichiarato: &#8220;mi piacerebbe che in un futuro molto vicino la terza prova della maturit\u00e0 fosse una prova valutata con criteri particolarmente oggettivi sulla falsariga dei test internazionali; credo che uno dei problemi, delle debolezze della nostra maturit\u00e0 \u00e8 che un compito pu\u00f2 essere valutato in maniera molto diversa a seconda delle commissioni; noi abbiamo la necessit\u00e0 di uniformare gli standard qualitativi dentro il nostro sistema scolastico e allora si potrebbe pensare ad una esperienza simile alla terza prova fatta quest&#8217;anno nella scuola secondaria di primo grado (nella scuola media) con il test Invalsi. Credo che una terza prova valutata in maniera molto oggettiva e molto simile ai test internazionali potrebbe essere una buona iniziativa, ma su questo mi piacerebbe conoscere la vostra opinione&#8221;<\/p>\n<p>Quindi msacchini, maturandi e non, fate avere alla ministra la vostra opinione; vale sempre lo stesso motto: partecipate e, soprattutto, &#8220;abitate&#8221; la scuola.<\/p>\n","protected":false},"excerpt":{"rendered":"<p>Carissimi msacchini, venerd\u00ec il Ministro Mariastella Gelmini ha annunciato tramite il suo canale su YouTube le materie scelte per la seconda prova dell&#8217;esame di stato 2009. Le riportiamo qui di seguito*: LICEI: classico: Latino (commissario esterno) scientifico: matematica (commissario esterno) linguistico: lingua straniera (commissario interno) artistico: elementi di architettura pedagogico: pedagogia ISTITUTI TECNICI E PROFESSIONALI [&hellip;]<\/p>\n","protected":false},"author":5,"featured_media":0,"comment_status":"open","ping_status":"open","sticky":false,"template":"","format":"standard","meta":[],"categories":[13],"tags":[],"_links":{"self":[{"href":"https:\/\/iopartecipo.azionecattolica.it\/index.php?rest_route=\/wp\/v2\/posts\/275"}],"collection":[{"href":"https:\/\/iopartecipo.azionecattolica.it\/index.php?rest_route=\/wp\/v2\/posts"}],"about":[{"href":"https:\/\/iopartecipo.azionecattolica.it\/index.php?rest_route=\/wp\/v2\/types\/post"}],"author":[{"embeddable":true,"href":"https:\/\/iopartecipo.azionecattolica.it\/index.php?rest_route=\/wp\/v2\/users\/5"}],"replies":[{"embeddable":true,"href":"https:\/\/iopartecipo.azionecattolica.it\/index.php?rest_route=%2Fwp%2Fv2%2Fcomments&post=275"}],"version-history":[{"count":5,"href":"https:\/\/iopartecipo.azionecattolica.it\/index.php?rest_route=\/wp\/v2\/posts\/275\/revisions"}],"predecessor-version":[{"id":778,"href":"https:\/\/iopartecipo.azionecattolica.it\/index.php?rest_route=\/wp\/v2\/posts\/275\/revisions\/778"}],"wp:attachment":[{"href":"https:\/\/iopartecipo.azionecattolica.it\/index.php?rest_route=%2Fwp%2Fv2%2Fmedia&parent=275"}],"wp:term":[{"taxonomy":"category","embeddable":true,"href":"https:\/\/iopartecipo.azionecattolica.it\/index.php?rest_route=%2Fwp%2Fv2%2Fcategories&post=275"},{"taxonomy":"post_tag","embeddable":true,"href":"https:\/\/iopartecipo.azionecattolica.it\/index.php?rest_route=%2Fwp%2Fv2%2Ftags&post=275"}],"curies":[{"name":"wp","href":"https:\/\/api.w.org\/{rel}","templated":true}]}}