{"id":285,"date":"2009-02-03T10:45:31","date_gmt":"2009-02-03T09:45:31","guid":{"rendered":"http:\/\/www.azionecattolica.it\/net\/iopartecipo\/?p=285"},"modified":"2009-05-07T09:42:30","modified_gmt":"2009-05-07T08:42:30","slug":"edilizia-scolastica","status":"publish","type":"post","link":"https:\/\/iopartecipo.azionecattolica.it\/?p=285","title":{"rendered":"EDILIZIA SCOLASTICA"},"content":{"rendered":"<p><!--StartFragment--><\/p>\n<p class=\"MsoNormal\"><span>Carissimi, <\/span><\/p>\n<p class=\"MsoNormal\"><span>riportiamo anche in questo caso il testo del comunicato apparso sul sito di Palazzo Chigi riguardante alcune iniziative legislative in materia di edilizia scolastica&#8230;. Che cosa ne pensate???<\/span><\/p>\n<p class=\"MsoNormal\"><span>E&#8217; stata raggiunta con le regioni, le province e i comuni una importante intesa sull&#8217;edilizia scolastica.<\/span><\/p>\n<p class=\"MsoNormal\"><span>Mai pi\u00f9 scuole insicure: fin da giugno, attraverso una serie di azioni e provvedimenti di legge, il governo ha individuato in questo tema una priorit\u00e0 assoluta. &#8220;Con l&#8217;intesa raggiunta ci sono tutte le condizioni per acquisire i dati necessari e verificare il grado di sicurezza del patrimonio edilizio delle nostre scuole&#8221; ha affermato il ministro dell&#8217;istruzione, Mariastella Gelmini, nel corso della conferenza stampa che si \u00e8 svolta a Palazzo Chigi il 29 gennaio scorso dopo l&#8217;accordo sottoscritto in sede di conferenza unificata il 28 gennaio 2009.<\/span><\/p>\n<p class=\"MsoNormal\"><span>Per la prima volta &#8211; nel nostro Paese &#8211; si riesce a superare la frammentazione delle competenze, a creare un tavolo di lavoro che si da dei tempi certi e degli obiettivi precisi, ha aggiunto il ministro Gelmini che ha fornito alcuni dati: la messa in sicurezza del patrimonio edilizio riguarda 9 milioni di persone (tra alunni, docenti e personale amministrativo) e 45 mila scuole.<\/span><\/p>\n<p class=\"MsoNormal\"><span>Il Ministero dell\u2019istruzione ha promosso un grosso sforzo organizzativo al fine di prevenire eventuali situazioni di rischio presenti nelle scuole italiane di ogni ordine e grado. Per questo ha convocato ripetutamente i tavoli di confronto con gli enti locali e ha chiesto alle Regioni un impegno vincolante per stilare l&#8217;anagrafe strutturale e non strutturale delle scuole italiane. Per la prima volta si supera la frammentazione delle competenze sull&#8217;edilizia scolastica per favorire un piano organico di intervento e per la prima volta nella storia della Repubblica si ha finalmente (gi\u00e0 oggi) una anagrafe strutturale degli edifici.<\/span><\/p>\n<p class=\"MsoNormal\"><span> <\/span><\/p>\n<p class=\"MsoNormal\"><strong><span>Cosa prevede l&#8217;accordo<\/span><\/strong><\/p>\n<p class=\"MsoNormal\"><span>1. Costituzione gruppi di lavoro in ogni regione composti da rappresentati dei provveditorati per le opere pubbliche, dall\u2019ufficio scolastico regionale, dai dirigenti scolastici interessati, dall&#8217;anci, dall\u2019uncem, dell\u2019upi che nominano squadre tecniche con il compito di compilare la scheda di rilevazione dati di tutte le scuole attraverso un sopraluogo.<\/span><\/p>\n<p class=\"MsoNormal\"><span>2. Sono previsti termini perentori: \u2028- entro 10 giorni dalla pubblicazione dell&#8217;intesa devono essere costituiti i gruppi lavoro, \u2028- entro 25 giorni le squadre tecniche<\/span><\/p>\n<p class=\"MsoNormal\"><span>3. Se entro 40 giorni non sono stati costituiti i gruppi di lavoro e la squadra tecnica, lo far\u00e0 il prefetto<\/span><\/p>\n<p class=\"MsoNormal\"><span>4. Le attivit\u00e0 devono essere concluse entro 6 mesi<\/span><\/p>\n<p class=\"MsoNormal\"><span>5. Le squadre tecniche informeranno l&#8217;istituzione locale competente su eventuali criticit\u00e0 e interventi da eseguire e invier\u00e0 al ministero, attraverso le regioni, la descrizione dei dati non strutturali.<\/span><\/p>\n<p class=\"MsoNormal\"><span>6. Qualora nel corso delle ispezioni dovessero emergere situazioni tali da mettere in pericolo l&#8217;incolumit\u00e0 degli alunni, verranno immediatamente attivati i necessari interventi di messa in sicurezza da parte dei competenti Enti locali e del Corpo Nazionale dei Vigili del Fuoco.<\/span><\/p>\n<p class=\"MsoNormal\"><span>Quali saranno le informazioni presenti nell&#8217;anagrafe non strutturale \u2028-la data di costruzione e di ultima ristrutturazione degli edifici;\u2028-lo stato generale di conservazione e di eventuale degrado della scuola e degli impianti; \u2028-l&#8217;eventuale rischio sismico delle zone nelle quali essi si trovano; -l&#8217;esistenza di eventuali barriere architettoniche e natura delle stesse; \u2028-la presenza delle necessarie condizioni di sicurezza; \u2028-l&#8217;esistenza delle varie certificazioni richieste, con particolare riferimento all&#8217;agibilit\u00e0, all&#8217;idoneit\u00e0 sismica e statica ed alla conformit\u00e0 alla normativa in materia &#8220;anti-incendio&#8221;; \u2028-la presenza di eventuali strutture in amianto..<\/span><\/p>\n<p><!--EndFragment--><\/p>\n","protected":false},"excerpt":{"rendered":"<p>Carissimi, riportiamo anche in questo caso il testo del comunicato apparso sul sito di Palazzo Chigi riguardante alcune iniziative legislative in materia di edilizia scolastica&#8230;. Che cosa ne pensate??? E&#8217; stata raggiunta con le regioni, le province e i comuni una importante intesa sull&#8217;edilizia scolastica. Mai pi\u00f9 scuole insicure: fin da giugno, attraverso una serie [&hellip;]<\/p>\n","protected":false},"author":5,"featured_media":0,"comment_status":"open","ping_status":"open","sticky":false,"template":"","format":"standard","meta":[],"categories":[5],"tags":[],"_links":{"self":[{"href":"https:\/\/iopartecipo.azionecattolica.it\/index.php?rest_route=\/wp\/v2\/posts\/285"}],"collection":[{"href":"https:\/\/iopartecipo.azionecattolica.it\/index.php?rest_route=\/wp\/v2\/posts"}],"about":[{"href":"https:\/\/iopartecipo.azionecattolica.it\/index.php?rest_route=\/wp\/v2\/types\/post"}],"author":[{"embeddable":true,"href":"https:\/\/iopartecipo.azionecattolica.it\/index.php?rest_route=\/wp\/v2\/users\/5"}],"replies":[{"embeddable":true,"href":"https:\/\/iopartecipo.azionecattolica.it\/index.php?rest_route=%2Fwp%2Fv2%2Fcomments&post=285"}],"version-history":[{"count":2,"href":"https:\/\/iopartecipo.azionecattolica.it\/index.php?rest_route=\/wp\/v2\/posts\/285\/revisions"}],"predecessor-version":[{"id":573,"href":"https:\/\/iopartecipo.azionecattolica.it\/index.php?rest_route=\/wp\/v2\/posts\/285\/revisions\/573"}],"wp:attachment":[{"href":"https:\/\/iopartecipo.azionecattolica.it\/index.php?rest_route=%2Fwp%2Fv2%2Fmedia&parent=285"}],"wp:term":[{"taxonomy":"category","embeddable":true,"href":"https:\/\/iopartecipo.azionecattolica.it\/index.php?rest_route=%2Fwp%2Fv2%2Fcategories&post=285"},{"taxonomy":"post_tag","embeddable":true,"href":"https:\/\/iopartecipo.azionecattolica.it\/index.php?rest_route=%2Fwp%2Fv2%2Ftags&post=285"}],"curies":[{"name":"wp","href":"https:\/\/api.w.org\/{rel}","templated":true}]}}