{"id":314,"date":"2009-02-25T15:47:54","date_gmt":"2009-02-25T14:47:54","guid":{"rendered":"http:\/\/www.azionecattolica.it\/net\/iopartecipo\/?p=314"},"modified":"2009-02-25T15:47:54","modified_gmt":"2009-02-25T14:47:54","slug":"professore-accoltellato-giovani-senza-valori","status":"publish","type":"post","link":"https:\/\/iopartecipo.azionecattolica.it\/?p=314","title":{"rendered":"Professore accoltellato: giovani senza valori?"},"content":{"rendered":"<p>Cari msacchini,<\/p>\n<p>avrete sicuramente letto tutti, la settimana scorsa, la storia di quel professore di Chioggia (provincia di Venezia) accoltellato da un suo studente di 13 anni durante l&#8217;ora di lezione.<\/p>\n<p>Se devo essere sincero io, quando ho letto la notizia, ne sono rimasto allibito per due motivi: da un lato per il gesto in se, ma, dall&#8217;altro, anche per il fatto che l&#8217;autore di tale gesto \u00e8 un ragazzino che frequenta la scuola media.<\/p>\n<p>Mi chiedo: siamo cos\u00ec presi male in Italia? A questo punto non \u00e8 certo un problema &#8220;formale&#8221;: con la reintroduzione del voto di condotta cambier\u00e0 davvero qualcosa? Io ne dubito, e voi??<\/p>\n<p>Attendo vostre delucidazioni!<\/p>\n<p>\u00a0<\/p>\n<p>Riporto l&#8217;articolo del Sole 24 ore sull&#8217;argomento:<\/p>\n<p>Un ragazzo introverso, ma tranquillo e \u00abrispettoso\u00bb. Cos\u00ec viene descritto uno studente di 13 anni che ha pugnalato ieri il suo<span id=\"U230602892928hkG\">professore di musica<\/span>\u00a0durante una lezione pomeridiana in una scuola di Chioggia, la media \u00abSilvio Pellico\u00bb. Il fatto \u00e8 accaduto intorno alle 18: mentre il docente, Fabio Paggioro, 36 anni, stava tenendo una lezione, lo studente si \u00e8 avvicinato a lui e, facendolo voltare con una scusa, lo ha colpito violentemente alla schiena con un grosso coltello da cucina. Gli altri alunni della classe sono rimasti immobili per lo shock, finch\u00e8 l&#8217;insegnante non \u00e8 riuscito a trascinarsi fuori dall&#8217;aula ed \u00e8 stato soccorso da un suo collega.<\/p>\n<p>Paggioro \u00e8 attualmente\u00a0<span id=\"U230602892928JVF\">ricoverato nel reparto di Chirurgia\u00a0<\/span>dell&#8217;ospedale di Chioggia. I medici assicurano che non \u00e8 in pericolo di vita: il colpo inferto dal tredicenne avrebbe provocato una ferita di pochi centimetri e non avrebbe leso alcun organo.\u00a0<\/p>\n<p>La polizia sta cercando in queste ore di ricostruire la vicenda. Nei giorni precedenti pare ci fosse stata una\u00a0<span id=\"U230602892928qqB\">discussione<\/span>\u00a0tra l&#8217;insegnante e l&#8217;alunno in merito allo scarso rendimento del ragazzo nella materia, anche se il giovane, che proviene da una stimata famiglia di piccoli imprenditori, non avrebbe mai manifestato particolari disagi all&#8217;interno della scuola.\u00a0<\/p>\n<p>Il primario dell&#8217;ospedale di Chioggia, dove \u00e8 ricoverato l&#8217;insegnante ferito, ha ricevuto la telefonata del ministro dell&#8217;Istruzione\u00a0<span id=\"U230602892928pV\">Maria Stella Gelmini<\/span>, che dopo essersi accertata delle condizioni di salute dell&#8217;insegnante, si \u00e8 detta sgomenta per quanto accaduto e ha espresso la sua solidariet\u00e1 e vicinanza al professore aggredito.<\/p>\n","protected":false},"excerpt":{"rendered":"<p>Cari msacchini, avrete sicuramente letto tutti, la settimana scorsa, la storia di quel professore di Chioggia (provincia di Venezia) accoltellato da un suo studente di 13 anni durante l&#8217;ora di lezione. Se devo essere sincero io, quando ho letto la notizia, ne sono rimasto allibito per due motivi: da un lato per il gesto in [&hellip;]<\/p>\n","protected":false},"author":5,"featured_media":0,"comment_status":"open","ping_status":"open","sticky":false,"template":"","format":"standard","meta":[],"categories":[5],"tags":[],"_links":{"self":[{"href":"https:\/\/iopartecipo.azionecattolica.it\/index.php?rest_route=\/wp\/v2\/posts\/314"}],"collection":[{"href":"https:\/\/iopartecipo.azionecattolica.it\/index.php?rest_route=\/wp\/v2\/posts"}],"about":[{"href":"https:\/\/iopartecipo.azionecattolica.it\/index.php?rest_route=\/wp\/v2\/types\/post"}],"author":[{"embeddable":true,"href":"https:\/\/iopartecipo.azionecattolica.it\/index.php?rest_route=\/wp\/v2\/users\/5"}],"replies":[{"embeddable":true,"href":"https:\/\/iopartecipo.azionecattolica.it\/index.php?rest_route=%2Fwp%2Fv2%2Fcomments&post=314"}],"version-history":[{"count":1,"href":"https:\/\/iopartecipo.azionecattolica.it\/index.php?rest_route=\/wp\/v2\/posts\/314\/revisions"}],"predecessor-version":[{"id":315,"href":"https:\/\/iopartecipo.azionecattolica.it\/index.php?rest_route=\/wp\/v2\/posts\/314\/revisions\/315"}],"wp:attachment":[{"href":"https:\/\/iopartecipo.azionecattolica.it\/index.php?rest_route=%2Fwp%2Fv2%2Fmedia&parent=314"}],"wp:term":[{"taxonomy":"category","embeddable":true,"href":"https:\/\/iopartecipo.azionecattolica.it\/index.php?rest_route=%2Fwp%2Fv2%2Fcategories&post=314"},{"taxonomy":"post_tag","embeddable":true,"href":"https:\/\/iopartecipo.azionecattolica.it\/index.php?rest_route=%2Fwp%2Fv2%2Ftags&post=314"}],"curies":[{"name":"wp","href":"https:\/\/api.w.org\/{rel}","templated":true}]}}