{"id":324,"date":"2009-03-03T23:54:25","date_gmt":"2009-03-03T22:54:25","guid":{"rendered":"http:\/\/www.azionecattolica.it\/net\/iopartecipo\/?p=324"},"modified":"2010-03-25T10:51:51","modified_gmt":"2010-03-25T09:51:51","slug":"reggio-calabria-si-muove","status":"publish","type":"post","link":"https:\/\/iopartecipo.azionecattolica.it\/?p=324","title":{"rendered":"Reggio Calabria si muove!"},"content":{"rendered":"<p style=\"text-align: justify;\"><em>pubblichiamo qui l&#8217;articolo inoltratoci dal circolo diocesano MSAC di Reggio Calabria, che nel mese di dicembre ha organizzato col Consiglio diocesano di AC e col settore giovani una festa MSAC per tutti i giovanissimi studenti della diocesi&#8230;. dal titolo, appunto, &#8220;<strong>Mi piaci se ti muovi!&#8221;<\/strong>. come ci racconta Amos, del sg diocesano &#8220;La parte pi\u00f9 bella &#8211; devo dire &#8211; \u00e8 stata la partecipazione dei msacchini nella preparazione delle festa e il loro darsi da fare perch\u00e9 tutto andasse per il meglio; si sono presi a cuore tutti gli aspetti della festa con grande entusiasmo e cura&#8221;. Allora in bocca al lupo al MSAC di Reggio C. In MSAC we trust! Oh- yeah!<\/em><\/p>\n<p style=\"text-align: center;\">____________________________________________________________<\/p>\n<p class=\"MsoNormal\" style=\"text-align: center;\"><strong><span style=\"font-size: 14pt; line-height: 115%;\">Festa MSAC 2008 di Reggio Calabria: MI PIACI SE TI MUOVI!<\/span><\/strong><\/p>\n<p class=\"MsoNormal\" style=\"text-align: justify;\">Il 13 dicembre scorso pi\u00f9 di 200 ragazzi, provenienti da ogni parte della citt\u00e0 e da ogni scuola, si sono ritrovati nell\u2019aula magna del liceo artistico \u201cMattia Preti\u201d per l\u2019annuale incontro organizzato dall\u2019equipe del Movimento Studenti, la festa MSAC 2008!<br \/>\nQuesta volta il tema dell\u2019incontro \u00e8 stato piuttosto particolare e divertente, basato sul famosissimo film Madagascar: <strong>Mi Piaci Se Ti Muovi<\/strong>!!! Tutti vi starete sicuramente chiedendo che relazione c\u2019\u00e8 tra un cartone animato e noi studenti; ebbene, \u00e8 inutile negare come noi giovanissimi, al sicuro nel nostro gruppo e nella nostra parrocchia, siamo spesso frenati, durante la nostra vita scolastica, nell\u2019esprimere il nostro punto di vista, le nostre idee, i nostri sentimenti dalle <strong>paure <\/strong>pi\u00f9 varie rimanendo, quindi, nascosti e inermi davanti alla realt\u00e0 quotidiana di cui dovremmo, invece, essere i protagonisti. E cos\u00ec, i ragazzi del MSAC hanno ben pensato di organizzare un momento per \u201csvegliarci\u201d e dare vita alle nostre sensazioni e alle nostre idee, sotterrate dalla montagna di pregiudizi e paure di cui ognuno di noi \u00e8 vittima.<br \/>\nQuindi, verso le quattro del pomeriggio, dopo un breve momento di festa tutti insieme, la festa MSAC \u201908 inizia ufficialmente con una bellissima e sentita preghiera comunitaria, per poi dare spazio al discorso di benvenuto del Presidente dell\u2019Azione Cattolica, Ettore Triolo, e dell\u2019Assistente del Settore Giovani e del Movimento Studenti, don Gaetano Galatti. Segue un divertentissimo video di presentazione<br \/>\ndel Movimento, per poi entrare nel vivo della festa con un videoclip che ne presenta il tema, prendendo in prestito alcune immagini dal film Madagascar, nel momento in cui gli animali protagonisti sentono il bisogno di evadere dallo zoo dove si sentono prigionieri ma hanno paura di ci\u00f2 che c\u2019\u00e8 oltre il cancello. Dopo aver individuato e analizzato le paure che incontriamo nell\u2019ambiente scolastico grazie al contributo della nostra carissima amica, la prof.ssa Giovanna Canale, via ai gruppi di studio per \u201cprocessarle\u201d una volta per tutte, dividendoci all\u2019interno di ognuno in tre sottogruppi, proprio come in un vero tribunale (accusa, difesa e corte). Infine, ci riuniamo nuovamente per preghiera finale, ringraziamenti e distribuzione dei gadget, un piccolo segno della festa. Anche questa volta i ragazzi del MSAC hanno svolto un lavoro impeccabile e adesso, analizzate e sconfitte le nostre paure, non rimane che metterci in\u2026&#8230;&#8230;<strong>MOVIMENTO<\/strong>!!!<\/p>\n","protected":false},"excerpt":{"rendered":"<p>pubblichiamo qui l&#8217;articolo inoltratoci dal circolo diocesano MSAC di Reggio Calabria, che nel mese di dicembre ha organizzato col Consiglio diocesano di AC e col settore giovani una festa MSAC per tutti i giovanissimi studenti della diocesi&#8230;. dal titolo, appunto, &#8220;Mi piaci se ti muovi!&#8221;. come ci racconta Amos, del sg diocesano &#8220;La parte pi\u00f9 [&hellip;]<\/p>\n","protected":false},"author":3,"featured_media":0,"comment_status":"open","ping_status":"open","sticky":false,"template":"","format":"standard","meta":[],"categories":[9],"tags":[],"_links":{"self":[{"href":"https:\/\/iopartecipo.azionecattolica.it\/index.php?rest_route=\/wp\/v2\/posts\/324"}],"collection":[{"href":"https:\/\/iopartecipo.azionecattolica.it\/index.php?rest_route=\/wp\/v2\/posts"}],"about":[{"href":"https:\/\/iopartecipo.azionecattolica.it\/index.php?rest_route=\/wp\/v2\/types\/post"}],"author":[{"embeddable":true,"href":"https:\/\/iopartecipo.azionecattolica.it\/index.php?rest_route=\/wp\/v2\/users\/3"}],"replies":[{"embeddable":true,"href":"https:\/\/iopartecipo.azionecattolica.it\/index.php?rest_route=%2Fwp%2Fv2%2Fcomments&post=324"}],"version-history":[{"count":4,"href":"https:\/\/iopartecipo.azionecattolica.it\/index.php?rest_route=\/wp\/v2\/posts\/324\/revisions"}],"predecessor-version":[{"id":1060,"href":"https:\/\/iopartecipo.azionecattolica.it\/index.php?rest_route=\/wp\/v2\/posts\/324\/revisions\/1060"}],"wp:attachment":[{"href":"https:\/\/iopartecipo.azionecattolica.it\/index.php?rest_route=%2Fwp%2Fv2%2Fmedia&parent=324"}],"wp:term":[{"taxonomy":"category","embeddable":true,"href":"https:\/\/iopartecipo.azionecattolica.it\/index.php?rest_route=%2Fwp%2Fv2%2Fcategories&post=324"},{"taxonomy":"post_tag","embeddable":true,"href":"https:\/\/iopartecipo.azionecattolica.it\/index.php?rest_route=%2Fwp%2Fv2%2Ftags&post=324"}],"curies":[{"name":"wp","href":"https:\/\/api.w.org\/{rel}","templated":true}]}}