{"id":330,"date":"2009-03-12T12:56:59","date_gmt":"2009-03-12T11:56:59","guid":{"rendered":"http:\/\/www.azionecattolica.it\/net\/iopartecipo\/?p=330"},"modified":"2009-03-12T12:56:59","modified_gmt":"2009-03-12T11:56:59","slug":"arriva-il-cantiere-del-movimento","status":"publish","type":"post","link":"https:\/\/iopartecipo.azionecattolica.it\/?p=330","title":{"rendered":"Arriva il cantiere del movimento!"},"content":{"rendered":"<p style=\"text-align: center;\"><a href=\"http:\/\/www.azionecattolica.it\/settori\/MSAC\/sezione\/zaino\/archivio_iniz\/2008_-_2009\/Moca_2009\"><img loading=\"lazy\" class=\"aligncenter\" src=\"http:\/\/www.azionecattolica.it\/settori\/MSAC\/img_hp\/xxx1-2.JPG\" alt=\"\" width=\"596\" height=\"249\" \/><\/a><\/p>\n<p class=\"ecmsonormal\" style=\"text-align: justify; line-height: 150%;\"><span style=\"font-size: 10pt; line-height: 150%; font-family: Verdana;\">Carissimi amici,<\/span><\/p>\n<p class=\"ecmsonormal\" style=\"text-align: justify; line-height: 150%;\"><span style=\"font-size: 10pt; line-height: 150%; font-family: Verdana;\">Come vi va la vita? Siete pronti per\u00a0 il prossimo sogno msacchino?\u00a0 L\u2019appuntamento \u00e8 per il <strong>24-26 aprile<\/strong> <strong>2009 <\/strong>a <strong>Castellammare di Stabia<\/strong> e ci incontreremo per vivere insieme la Mo.Ca 2009, il cantiere del movimento! La scommessa \u00e8 alta: parlare di scuola in un tempo di gradi cambiamenti legislativi, con l\u2019obiettivo di contribuire attivamente al dibattito in corso.<\/span><\/p>\n<p class=\"ecmsonormal\" style=\"text-align: justify; line-height: 150%;\"><span style=\"font-size: 5pt; line-height: 150%; font-family: Verdana;\"> <\/span><span style=\"font-size: 10pt; line-height: 150%; font-family: Verdana;\"><\/span><\/p>\n<p class=\"ecmsonormal\" style=\"text-align: justify; line-height: 150%;\"><span style=\"font-size: 10pt; line-height: 150%; font-family: Verdana;\">Il grande movimento partecipativo dello scorso autunno ci ha sollecitati fortemente. Abbiamo visto gli studenti impegnati per un interesse comune e animati da un rinnovato slancio di responsabilit\u00e0 e protagonismo, capaci di sogno, di progetto.<\/span><\/p>\n<p class=\"ecmsonormal\" style=\"text-align: justify; line-height: 150%;\"><span style=\"font-size: 10pt; line-height: 150%; font-family: Verdana; color: black;\">In quei giorni difficili si \u00e8 consumato cos\u00ec un segno partecipativo che \u00e8 stato certamente prezioso, ma vediamo il rischio che quell\u2019ondata di entusiasmo, sottoposta alle intemperie delle facili strumentalizzazioni e <\/span><span style=\"font-size: 10pt; line-height: 150%; font-family: Verdana;\">banalizzazioni, <span style=\"color: black;\">possa lasciare dietro di s\u00e9 una scia di disillusione e rassegnato ritorno tra i banchi, nella fatalistica convinzione che poco si possa incidere nel proprio quotidiano su cambiamenti che sono troppo al di sopra delle teste di chi li vive. Proprio per questo pensiamo di avere qualcosa da dire a tutti gli studenti, proprio per tali ragioni il MSAC sente forte in questo momento il bisogno di riaffermare uno stile d\u2019impegno e di partecipazione che sente possibile e quotidiano, che non crede sia \u201ctempo perso\u201d, che sa che pu\u00f2 essere incisivo. Vogliamo allora dire agli studenti che non c\u2019\u00e8 da dare ascolto &#8211; per citare Gaber \u2013 a chi dice che \u201cnon \u00e8 pi\u00f9 il momento\u201d, ma che il momento \u00e8 sempre, ogni giorno.<\/span><\/span><\/p>\n<p class=\"ecmsonormal\" style=\"text-align: justify; line-height: 150%;\"><span style=\"font-size: 5pt; line-height: 150%; font-family: Verdana; color: black;\"> <\/span><span style=\"font-size: 10pt; line-height: 150%; font-family: Verdana;\"><\/span><\/p>\n<p class=\"ecmsonormal\" style=\"text-align: justify; line-height: 150%;\"><span style=\"font-size: 10pt; line-height: 150%; font-family: Verdana;\">Avendo pi\u00f9 volte partecipato alle audizioni parlamentari convocate presso le commissioni cultura della Camera e del Senato, sentiamo la responsabilit\u00e0 di approfondire il nostro studio della legislazione scolastica e vogliamo rilanciare con l\u2019aiuto di tutti la riflessione sulla scuola, offrendo il nostro contributo serio e coscienzioso alla riforma dell\u2019istituzione.<\/span><\/p>\n<p class=\"ecmsonormal\" style=\"text-align: justify; line-height: 150%;\"><span style=\"font-size: 10pt; line-height: 150%; font-family: Verdana;\">Il titolo del convegno sar\u00e0 \u201c<strong>La scuola in testa!\u201d: <\/strong>vogliamo mettere infatti la scuola in testa alle priorit\u00e0 del paese, riaffermare con forza la centralit\u00e0 strategica e progettuale dell\u2019istituzione scolastica per il futuro della societ\u00e0 italiana, ma soprattutto vogliamo che risorse economiche, ma innanzitutto culturali e pedagogiche, vengano investite in questo progetto di ristrutturazione, in questo \u201ccantiere\u201d di riforma. Un cantiere da troppi anni rimasto aperto, mentre generazioni di studenti ed insegnanti hanno continuato a viverci e svolgere, nello spazio ingombro dei calcinacci di ogni riforma approntata e poi disfatta, il proprio compito educativo. Vogliamo allora mettere su carta la scuola che \u201cabbiamo in testa\u201d, vogliamo dare carne ai nostri progetti, ai nostri sogni, vogliamo dare voce alle nostre proposte. E \u201cvogliamo metterci testa\u201d, cio\u00e8 pensarci sopra seriamente, offrire un impegno di studio, di approfondimento, un contributo studiato, preparato, elaborato in collaborazione con esperti e altre voci del mondo della scuola. <\/span><\/p>\n<p class=\"ecmsonormal\" style=\"text-align: justify; line-height: 150%;\"><span style=\"font-size: 5pt; line-height: 150%; font-family: Verdana;\"> <\/span><span style=\"font-size: 10pt; line-height: 150%; font-family: Verdana;\"><\/span><\/p>\n<p class=\"ecmsonormal\" style=\"text-align: justify; line-height: 150%;\"><span style=\"font-size: 10pt; line-height: 150%; font-family: Verdana;\">In questo cantiere pensavamo allora di affrontare tre ambiti legislativi: <span style=\"font-variant: small-caps;\">organi collegiali<\/span>, perch\u00e9 proprio in questi giorni \u00e8 in corso il dibattito intorno ai disegni di legge presentati per la tanto sospirata e attesa (dal \u201974) riforma di questi organi partecipativi;<span style=\"font-variant: small-caps;\"> diritto allo studio<\/span> perch\u00e9 le disparit\u00e0 esistenti tuttora tra i servizi offerti dalle differenti regioni reclamano al pi\u00f9 presto l\u2019intervento e la definizione di una legge quadro che garantisca standard minimi per tutti, <span style=\"font-variant: small-caps;\">didattica <\/span>infine, perch\u00e9 la riforma dei saperi \u00e8 quanto di pi\u00f9 disatteso e ancor pi\u00f9 prioritario per mettere mano alla scuola<\/span><\/p>\n<p class=\"ecmsonormal\" style=\"text-align: justify; line-height: 150%;\"><span style=\"font-size: 5pt; line-height: 150%; font-family: Verdana;\"> <\/span><span style=\"font-size: 10pt; line-height: 150%; font-family: Verdana;\"><\/span><\/p>\n<p class=\"ecmsonormal\" style=\"text-align: justify; line-height: 150%;\"><span style=\"font-size: 10pt; line-height: 150%; font-family: Verdana;\">Ci aspetta allora un cantiere zeppo di idee e di progetti, ma soprattutto zeppo di sogni. Nei prossimi giorni vi invieremo del materiale per prepararci al meglio all\u2019appuntamento della Mo.ca. In attesa allora di riabbracciarvi a Castellammare di Stabia (Napoli) a fine aprile vi raccomandiamo di iscrivervi numerosi (potr\u00e0 essere l\u2019occasione anche per \u201ccontagiare\u201d di MSAC le diocesi che ancora non conoscono il movimento) e vi auguriamo un buon tempo di quaresima.<\/span><\/p>\n<p class=\"ecmsonormal\" style=\"text-align: justify; line-height: 150%;\"><span style=\"font-size: 5pt; line-height: 150%; font-family: Verdana;\"> <\/span><span style=\"font-size: 10pt; line-height: 150%; font-family: Verdana;\"><\/span><\/p>\n<p class=\"ecmsonormal\" style=\"text-align: justify; line-height: 150%;\"><span style=\"font-size: 10pt; line-height: 150%; font-family: Verdana;\">Fortissimamente vicini!<\/span><\/p>\n<p class=\"ecmsonormal\" style=\"text-align: justify; line-height: 150%;\">\n<p class=\"ecmsonormal\" style=\"text-align: justify; line-height: 150%;\"><span style=\"font-size: 10pt; font-family: Verdana;\"><\/span><\/p>\n<div>\n<table class=\"MsoNormalTable\" style=\"border-collapse: collapse;\" border=\"0\" cellspacing=\"0\" cellpadding=\"0\">\n<tbody>\n<tr>\n<td style=\"padding: 0cm 5.4pt; width: 162.95pt;\" width=\"217\" valign=\"top\">\n<p class=\"ecmsonormal\" style=\"text-align: center;\" align=\"center\"><strong><em><span style=\"font-family: Arial;\">Saretta Marotta<\/span><\/em><\/strong><\/p>\n<\/td>\n<td style=\"padding: 0cm 5.4pt; width: 81.65pt;\" width=\"109\" valign=\"top\">\n<p class=\"ecmsonormal\" style=\"text-align: center; margin-left: 0px; width: 344px;\" align=\"center\"><strong><em><span style=\"font-family: Arial;\"> <\/span><\/em><\/strong><\/p>\n<\/td>\n<td style=\"padding: 0cm 5.4pt; width: 244.3pt;\" width=\"326\" valign=\"top\">\n<p class=\"ecmsonormal\" style=\"text-align: center;\" align=\"center\"><strong><em><span style=\"font-family: Arial;\">Don Nicol\u00f2 Tempesta<\/span><\/em><\/strong><\/p>\n<\/td>\n<\/tr>\n<tr>\n<td style=\"padding: 0cm 5.4pt; width: 162.95pt;\" width=\"217\" valign=\"top\">\n<p class=\"ecmsonormal\" style=\"text-align: center;\" align=\"center\"><em><span style=\"font-family: Arial;\">Segretaria Nazionale MSAC<\/span><\/em><\/p>\n<\/td>\n<td style=\"padding: 0cm 5.4pt; width: 81.65pt;\" width=\"109\" valign=\"top\">\n<p class=\"ecmsonormal\" style=\"text-align: justify;\"><em><span style=\"font-family: Arial;\"> <\/span><\/em><\/p>\n<\/td>\n<td style=\"padding: 0cm 5.4pt; width: 244.3pt;\" width=\"326\" valign=\"top\">\n<p class=\"ecmsonormal\" style=\"text-align: center;\" align=\"center\"><em><span style=\"font-family: Arial;\">Assistente Nazionale MSAC<\/span><\/em><\/p>\n<\/td>\n<\/tr>\n<\/tbody>\n<\/table>\n<\/div>\n<p class=\"ecmsonormal\">\n","protected":false},"excerpt":{"rendered":"<p>Carissimi amici, Come vi va la vita? Siete pronti per\u00a0 il prossimo sogno msacchino?\u00a0 L\u2019appuntamento \u00e8 per il 24-26 aprile 2009 a Castellammare di Stabia e ci incontreremo per vivere insieme la Mo.Ca 2009, il cantiere del movimento! La scommessa \u00e8 alta: parlare di scuola in un tempo di gradi cambiamenti legislativi, con l\u2019obiettivo di [&hellip;]<\/p>\n","protected":false},"author":3,"featured_media":0,"comment_status":"open","ping_status":"open","sticky":false,"template":"","format":"standard","meta":[],"categories":[10],"tags":[],"_links":{"self":[{"href":"https:\/\/iopartecipo.azionecattolica.it\/index.php?rest_route=\/wp\/v2\/posts\/330"}],"collection":[{"href":"https:\/\/iopartecipo.azionecattolica.it\/index.php?rest_route=\/wp\/v2\/posts"}],"about":[{"href":"https:\/\/iopartecipo.azionecattolica.it\/index.php?rest_route=\/wp\/v2\/types\/post"}],"author":[{"embeddable":true,"href":"https:\/\/iopartecipo.azionecattolica.it\/index.php?rest_route=\/wp\/v2\/users\/3"}],"replies":[{"embeddable":true,"href":"https:\/\/iopartecipo.azionecattolica.it\/index.php?rest_route=%2Fwp%2Fv2%2Fcomments&post=330"}],"version-history":[{"count":1,"href":"https:\/\/iopartecipo.azionecattolica.it\/index.php?rest_route=\/wp\/v2\/posts\/330\/revisions"}],"predecessor-version":[{"id":331,"href":"https:\/\/iopartecipo.azionecattolica.it\/index.php?rest_route=\/wp\/v2\/posts\/330\/revisions\/331"}],"wp:attachment":[{"href":"https:\/\/iopartecipo.azionecattolica.it\/index.php?rest_route=%2Fwp%2Fv2%2Fmedia&parent=330"}],"wp:term":[{"taxonomy":"category","embeddable":true,"href":"https:\/\/iopartecipo.azionecattolica.it\/index.php?rest_route=%2Fwp%2Fv2%2Fcategories&post=330"},{"taxonomy":"post_tag","embeddable":true,"href":"https:\/\/iopartecipo.azionecattolica.it\/index.php?rest_route=%2Fwp%2Fv2%2Ftags&post=330"}],"curies":[{"name":"wp","href":"https:\/\/api.w.org\/{rel}","templated":true}]}}