{"id":332,"date":"2009-03-13T16:26:24","date_gmt":"2009-03-13T15:26:24","guid":{"rendered":"http:\/\/www.azionecattolica.it\/net\/iopartecipo\/?p=332"},"modified":"2009-09-23T08:58:26","modified_gmt":"2009-09-23T07:58:26","slug":"il-consiglio-dei-ministri-approva-il-regolamento-sul-voto-in-condottail","status":"publish","type":"post","link":"https:\/\/iopartecipo.azionecattolica.it\/?p=332","title":{"rendered":"Il consiglio dei Ministri approva il regolamento sul Voto in condottaIl"},"content":{"rendered":"<div id=\"attachment_334\" style=\"width: 210px\" class=\"wp-caption aligncenter\"><a href=\"http:\/\/www.azionecattolica.it\/net\/iopartecipo\/wp-content\/uploads\/2009\/03\/gelmini_21.jpg\"><img aria-describedby=\"caption-attachment-334\" loading=\"lazy\" class=\"size-medium wp-image-334\" title=\"gelmini_21\" src=\"http:\/\/www.azionecattolica.it\/net\/iopartecipo\/wp-content\/uploads\/2009\/03\/gelmini_21.jpg\" alt=\"Il Ministro MariaStella Gelmini\" width=\"200\" height=\"261\" \/><\/a><\/p>\n<p><p id=\"caption-attachment-334\" class=\"wp-caption-text\">Il Ministro MariaStella Gelmini<\/p><\/div>\n<p>Carissmi Msacchini,<\/p>\n<p>nella mattinata di oggi il Consiglio dei Ministri ha approvato in via definitiva &#8220;uno schema di regolamento che coordina le disposizioni vigenti in materia di criteri per la valutazione degli studenti,. La valutazione complessiva, fino ad oggi legata all\u2019apprendimento, terr\u00e0 conto anche del comportamento degli studenti quale elemento essenziale del processo formativo e requisito di base per l\u2019ammissione agli anni successivi ed agli esami di Stato&#8221;. Come ormai previsto, lo schema di provvedimento prevede che il voto di condotta concorra all&#8217;attribuzione dei crediti (=far\u00e0 media); All&#8217;interno del testo una novit\u00e0: per avere il 5 in condotta bisogner\u00e0 essere gi\u00e0 stati puniti con una sanzione disciplinare (anche una nota).<\/p>\n<p>Questi i nuovi criteri per l\u2019attribuzione del voto in condotta:<\/p>\n<p>Il 5 in condotta comporter\u00e0 la non ammissione all\u2019anno successivo o agli esami di Stato e concorrer\u00e0 alla determinazione dei crediti scolastici. L\u2019insufficienza sar\u00e0 attribuita dal collegio dei docenti per gravi violazioni dei doveri degli studenti definiti dallo Statuto delle studentesse e degli studenti e cio\u00e8 nei seguenti casi:<\/p>\n<p>\u2022\tallo studente che non frequenta regolarmente i corsi e non assolve assiduamente agli impegni di studio;<\/p>\n<p>\u2022\ta chi non ha nei confronti del capo d&#8217;istituto, dei docenti, del personale della scuola e dei compagni il dovuto rispetto;<\/p>\n<p>\u2022\ta chi non osserva le disposizioni organizzative e di sicurezza dettate dai regolamenti dei singoli istituti;<\/p>\n<p>\u2022\tagli alunni che non utilizzano correttamente le strutture, i macchinari e i sussidi didattici;<\/p>\n<p>\u2022\ta chi arreca danno al patrimonio della scuola.<\/p>\n<p>Per prendere un\u2019insufficienza in condotta, comunque,<strong> si deve aver gi\u00e0 preso una sanzione disciplinare<\/strong>. Se il comportamento indisciplinato si ripete l\u2019insegnante con il collegio dei docenti pu\u00f2 decidere per l\u2019attribuzione del 5.<\/p>\n<p>Il regolamento introduce, inoltre, la valutazione con il voto numerico per tutte le materie e in tutte le scuole, dalla primaria alla secondaria di secondo grado. Sul testo verr\u00e0 acquisito il parere del Consiglio di Stato.\u00a0(Fonte: www.governo.it)<\/p>\n<p>Vi riportiamo anche il link al sito del governo dove potete vedere la conferenza stampa del Ministro Gelmini al termine del Consiglio dei Ministri:<\/p>\n<p>http:\/\/www.governo.it\/GovernoInforma\/Multimedia\/dettaglio.asp?d=42304<\/p>\n<p>Beh, che ne pensate?? Attendiamo come sempre un vostro parere<\/p>\n","protected":false},"excerpt":{"rendered":"<p>Carissmi Msacchini, nella mattinata di oggi il Consiglio dei Ministri ha approvato in via definitiva &#8220;uno schema di regolamento che coordina le disposizioni vigenti in materia di criteri per la valutazione degli studenti,. La valutazione complessiva, fino ad oggi legata all\u2019apprendimento, terr\u00e0 conto anche del comportamento degli studenti quale elemento essenziale del processo formativo e [&hellip;]<\/p>\n","protected":false},"author":5,"featured_media":0,"comment_status":"open","ping_status":"open","sticky":false,"template":"","format":"standard","meta":[],"categories":[13],"tags":[],"_links":{"self":[{"href":"https:\/\/iopartecipo.azionecattolica.it\/index.php?rest_route=\/wp\/v2\/posts\/332"}],"collection":[{"href":"https:\/\/iopartecipo.azionecattolica.it\/index.php?rest_route=\/wp\/v2\/posts"}],"about":[{"href":"https:\/\/iopartecipo.azionecattolica.it\/index.php?rest_route=\/wp\/v2\/types\/post"}],"author":[{"embeddable":true,"href":"https:\/\/iopartecipo.azionecattolica.it\/index.php?rest_route=\/wp\/v2\/users\/5"}],"replies":[{"embeddable":true,"href":"https:\/\/iopartecipo.azionecattolica.it\/index.php?rest_route=%2Fwp%2Fv2%2Fcomments&post=332"}],"version-history":[{"count":8,"href":"https:\/\/iopartecipo.azionecattolica.it\/index.php?rest_route=\/wp\/v2\/posts\/332\/revisions"}],"predecessor-version":[{"id":749,"href":"https:\/\/iopartecipo.azionecattolica.it\/index.php?rest_route=\/wp\/v2\/posts\/332\/revisions\/749"}],"wp:attachment":[{"href":"https:\/\/iopartecipo.azionecattolica.it\/index.php?rest_route=%2Fwp%2Fv2%2Fmedia&parent=332"}],"wp:term":[{"taxonomy":"category","embeddable":true,"href":"https:\/\/iopartecipo.azionecattolica.it\/index.php?rest_route=%2Fwp%2Fv2%2Fcategories&post=332"},{"taxonomy":"post_tag","embeddable":true,"href":"https:\/\/iopartecipo.azionecattolica.it\/index.php?rest_route=%2Fwp%2Fv2%2Ftags&post=332"}],"curies":[{"name":"wp","href":"https:\/\/api.w.org\/{rel}","templated":true}]}}