{"id":344,"date":"2009-03-21T17:36:39","date_gmt":"2009-03-21T16:36:39","guid":{"rendered":"http:\/\/www.azionecattolica.it\/net\/iopartecipo\/?p=344"},"modified":"2009-03-21T17:36:39","modified_gmt":"2009-03-21T16:36:39","slug":"nola-ha-facolta-di-scelta","status":"publish","type":"post","link":"https:\/\/iopartecipo.azionecattolica.it\/?p=344","title":{"rendered":"NOLA ha &#8220;Facolt\u00e0 di Scelta&#8221;!"},"content":{"rendered":"<p><a href=\"http:\/\/www.azionecattolica.it\/net\/iopartecipo\/wp-content\/uploads\/2009\/03\/fds-09-127.jpg\"><img loading=\"lazy\" class=\"aligncenter size-full wp-image-343\" title=\"fds-09-127\" src=\"http:\/\/www.azionecattolica.it\/net\/iopartecipo\/wp-content\/uploads\/2009\/03\/fds-09-127.jpg\" alt=\"\" width=\"500\" height=\"375\" srcset=\"https:\/\/iopartecipo.azionecattolica.it\/wp-content\/uploads\/2009\/03\/fds-09-127.jpg 1600w, https:\/\/iopartecipo.azionecattolica.it\/wp-content\/uploads\/2009\/03\/fds-09-127-300x225.jpg 300w\" sizes=\"(max-width: 500px) 100vw, 500px\" \/><\/a><\/p>\n<p class=\"Normale1\" style=\"text-align: justify; font-family: Verdana;\">Il 7 e 8 marzo si \u00e8 svolta alla Casa del Clero di Nola \u201cFacolt\u00e0 di scelta\u201d, un weekend di orientamento universitario<span> <\/span>organizzato dall\u2019equipe diocesana del MSAC in collaborazione con la FUCI di Nola.<\/p>\n<p class=\"Normale1\" style=\"text-align: justify; font-family: Verdana;\">Forti dell\u2019esperienza di \u201cSaranno Matricole\u201d del maggio 2008, abbiamo pensato di proporre una due-giorni con la volont\u00e0 di concedere agli studenti un tempo pi\u00f9 adatto per poter affrontare una \u201cprima\u201d riflessione su una scelta (quella universitaria) che reputiamo molto importante. Quasi a dare continuit\u00e0 al percorso iniziato idealmente lo scorso anno, abbiamo pensato di non soffermarci sull\u2019analisi delle facolt\u00e0 universitarie<span> <\/span>presenti sul nostro territorio. Il cuore del nostro weekend \u00e8 stato il tema della scelta nella speranza di poter aiutare gli studenti ad assaporare il gusto del discernimento e di poter dare la possibilit\u00e0 di esprimere (e possibilmente affrontare) i loro dubbi e le loro difficolt\u00e0. La scelta universitaria \u00e8 sempre stata una scelta molto difficile: \u201dQuale facolt\u00e0 \u00e8 pi\u00f9 giusta per me?\u201d \u201cCosa mi piace davvero?\u201d \u201cE se poi ho scelto male?\u201d \u201cE se non lavorer\u00f2 mai?\u201d &#8230; Per trovare una risposta, seppure parziale, tutte queste domande hanno bisogno di una riflessione articolata, riflessione che ci siamo proposti di avviare in questi due giorni<\/p>\n<p class=\"Normale1\" style=\"text-align: justify; font-family: Verdana;\">Il weekend \u00e8 cominciato sabato pomeriggio con un laboratorio (introdotto dalla canzone \u201cCostruire\u201d di Niccol\u00f2 Fabi) che riguardava la proiezione che ognuno ha di se nel futuro, per poi passare ad una prospettiva leggermente diversa: \u201dCosa dicono e pensano gli altri di me?\u201d \u201cGli altri come mi vedono?\u201d \u201cQuali attese hanno su di me i miei genitori, gli amici, i prof, il don &#8230;?\u201d. Questo laboratorio \u00e8 stato seguito da un momento di preghiera guidato dal nostro assistente,<span> <\/span>che ha invitato i ragazzi a non farsi \u201cilludere\u201d e a non farsi \u201cconfondere\u201d ma a pensare seriamente a cosa si vuole da s\u00e9 stessi, incoraggiandoli a capire o a scoprire l\u2019importanza di quel famoso discernimento.<\/p>\n<p class=\"Normale1\" style=\"text-align: justify; font-family: Verdana;\">La domenica la riflessione \u00e8 stata un po\u2019 pi\u00f9 mirata. Al mattino, dopo le lodi e la colazione, si \u00e8 svolta una \u201cgalleria\u201d. Un insieme di suoni, immagini e parole che rimandavano a qualcosa di pi\u00f9 profondo: lo stile della scelta. Scegliere \u00e8 difficile, specialmente quando si ha la sensazione che quella scelta possa davvero cambiare tutta la propria vita, in qualche modo si prova una vertigine, la vertigine del non sapere se quella che stai per prendere \u00e8 davvero la scelta giusta!<\/p>\n<p class=\"Normale1\" style=\"text-align: justify; font-family: Verdana;\">La galleria iniziava con una canzone, \u201cIl canto dei mestieri\u201d di Ivano Fossati, che richiamava l\u2019importanza di una <span style=\"text-decoration: underline;\">scelta utile<\/span>, utile sia a me (perch\u00e9 mi da pienezza) sia agli altri (perch\u00e9 come diceva un \u201cmontanaro\u201d: &lt;&lt;il Sapere serve solo per darlo&gt;&gt;). La galleria proseguiva con la lettura di un brano tratto dal \u201cSenso religioso e fatto cristiano nella pedagogia di Don Giussani\u201d di Don Primo Soldi che, invece, metteva in luce una <span style=\"text-decoration: underline;\">scelta consigliata<\/span><span> <\/span>rivelandone<span> <\/span>la parzialit\u00e0, poich\u00e9 (pur riconoscendo l\u2019utilit\u00e0 dei consigli) il rischio \u00e8 quello di \u201cdelegare\u201d e di scegliere di \u201cnon scegliere\u201d. Poi, \u00e8 stato il turno dello spezzone del film \u201cBilly Elliot\u201d, che metteva in risalto la bellezza di una <span style=\"text-decoration: underline;\">scelta appassionata<\/span> che non risponde ai bisogni di utilit\u00e0 sociale ma risponde, piuttosto, alle proprie inclinazioni, alle proprie passioni. La galleria terminava con l\u2019immagine di un dado che poneva in risalto l\u2019importanza e la necessit\u00e0 di una <span style=\"text-decoration: underline;\">scelta responsabile<\/span>. Una scelta che sia meditata e non lasciata nelle mani del caso (ecco il perch\u00e9 del dado), responsabile perch\u00e9 si sceglie di seguire le orme, spesso un po\u2019 sbiadite e quindi difficili da osservare, della responsabilit\u00e0.: responsabilit\u00e0 dello studio e della ricerca della verit\u00e0 come stile dello studio.<\/p>\n<p class=\"Normale1\" style=\"text-align: justify; font-family: Verdana;\">Terminata la galleria, i ragazzi sono stati invitati ad un \u201caperitivo\u201d molto speciale. Erano, infatti, presenti due ospiti d\u2019eccezione: un professore universitario e una<span> <\/span>studentessa fucina. Entrambi hanno sottolineato l\u2019importanza della scelta responsabile. Il dibattito poi ha interessato anche altre questioni. I ragazzi, in particolare, erano curiosi di sapere la differenza tra lo studio universitario e quello liceale. Il week end si \u00e8, poi, concluso con un\u2019intesa e partecipata celebrazione eucaristica.<\/p>\n<p class=\"Normale1\" style=\"text-align: justify; font-family: Verdana;\">In quei giorni si \u00e8 creata un\u2019atmosfera molto serena, che invitava davvero alla riflessione. Era appunto questo il nostro obiettivo dichiarato: cercare di creare un\u2019atmosfera tale da rendere sereni i ragazzi nella riflessione, fare in modo che si sentissero a loro agio e, mettendo da parte i soliti pensieri, si concedessero un po\u2019 di tempo per pensare a loro stessi. Nessuna presunzione che questo week-end potesse bastare a portare a termine il percorso tortuoso della scelta universitaria, ma speriamo possa essere stato un buon punto di partenza o una buona tappa per riprendere pi\u00f9 spediti verso la meta!<\/p>\n<p class=\"Normale1\" style=\"font-weight: bold; text-align: right; font-family: Verdana;\">Il MSAC di Nola<\/p>\n<p class=\"Normale1\" style=\"text-align: justify; font-family: Verdana;\"><span> <\/span>Guarda la photogallery: <a href=\"http:\/\/picasaweb.google.it\/aci.nola\/FacoltaDiScelta09#\"><span style=\"color: #000099;\">http:\/\/picasaweb.google.it\/aci.nola\/FacoltaDiScelta09#<\/span><\/a><\/p>\n<p><span style=\"font-family: Verdana;\"> Scarica i materiali: <\/span><a style=\"font-family: Verdana;\" href=\"http:\/\/www.azionecattolicanola.it\/materiali\/msac\/\"><span style=\"color: #000099;\">http:\/\/www.azionecattolicanola.it\/materiali\/msac\/<\/span><\/a><\/p>\n","protected":false},"excerpt":{"rendered":"<p>Il 7 e 8 marzo si \u00e8 svolta alla Casa del Clero di Nola \u201cFacolt\u00e0 di scelta\u201d, un weekend di orientamento universitario organizzato dall\u2019equipe diocesana del MSAC in collaborazione con la FUCI di Nola. Forti dell\u2019esperienza di \u201cSaranno Matricole\u201d del maggio 2008, abbiamo pensato di proporre una due-giorni con la volont\u00e0 di concedere agli studenti [&hellip;]<\/p>\n","protected":false},"author":3,"featured_media":0,"comment_status":"open","ping_status":"open","sticky":false,"template":"","format":"standard","meta":[],"categories":[9],"tags":[],"_links":{"self":[{"href":"https:\/\/iopartecipo.azionecattolica.it\/index.php?rest_route=\/wp\/v2\/posts\/344"}],"collection":[{"href":"https:\/\/iopartecipo.azionecattolica.it\/index.php?rest_route=\/wp\/v2\/posts"}],"about":[{"href":"https:\/\/iopartecipo.azionecattolica.it\/index.php?rest_route=\/wp\/v2\/types\/post"}],"author":[{"embeddable":true,"href":"https:\/\/iopartecipo.azionecattolica.it\/index.php?rest_route=\/wp\/v2\/users\/3"}],"replies":[{"embeddable":true,"href":"https:\/\/iopartecipo.azionecattolica.it\/index.php?rest_route=%2Fwp%2Fv2%2Fcomments&post=344"}],"version-history":[{"count":1,"href":"https:\/\/iopartecipo.azionecattolica.it\/index.php?rest_route=\/wp\/v2\/posts\/344\/revisions"}],"predecessor-version":[{"id":345,"href":"https:\/\/iopartecipo.azionecattolica.it\/index.php?rest_route=\/wp\/v2\/posts\/344\/revisions\/345"}],"wp:attachment":[{"href":"https:\/\/iopartecipo.azionecattolica.it\/index.php?rest_route=%2Fwp%2Fv2%2Fmedia&parent=344"}],"wp:term":[{"taxonomy":"category","embeddable":true,"href":"https:\/\/iopartecipo.azionecattolica.it\/index.php?rest_route=%2Fwp%2Fv2%2Fcategories&post=344"},{"taxonomy":"post_tag","embeddable":true,"href":"https:\/\/iopartecipo.azionecattolica.it\/index.php?rest_route=%2Fwp%2Fv2%2Ftags&post=344"}],"curies":[{"name":"wp","href":"https:\/\/api.w.org\/{rel}","templated":true}]}}