{"id":40,"date":"2007-12-28T20:11:29","date_gmt":"2007-12-28T19:11:29","guid":{"rendered":"http:\/\/www.azionecattolica.it\/net\/iopartecipo\/che-ne-pensate-di\/test-dammissione-alle-facolta-a-numero-chiuso\/"},"modified":"2007-12-28T20:11:29","modified_gmt":"2007-12-28T19:11:29","slug":"test-dammissione-alle-facolta-a-numero-chiuso","status":"publish","type":"post","link":"https:\/\/iopartecipo.azionecattolica.it\/?p=40","title":{"rendered":"Test d&#8217;ammissione alle Facolt\u00e0 a numero chiuso"},"content":{"rendered":"<p><strong>Test universitari, arriva la &#8220;dote&#8221;<br \/>\nConteranno anche i punti del liceo<\/strong><\/p>\n<p>(Fonte: Repubblica.it)<!-- fine TITOLO --><\/p>\n<p>ROMA &#8211; Dal prossimo anno, per l&#8217;accesso all&#8217;Universit\u00e0 &#8220;conteranno bravura e curriculum scolastico&#8221;. Ad affermarlo \u00e8 il ministro della Pubblica istruzione, Giuseppe Fioroni che uscendo, poche ore fa, dall&#8217;ultimo Consiglio dei ministri del 2007, ha definito &#8220;di svolta&#8221; il provvedimento assunto dal governo. &#8220;D&#8217;ora in poi &#8211; ha spiegato Fioroni &#8211; per l&#8217;accesso alle facolt\u00e0 a numero chiuso pagher\u00e0 il merito, non le furbizie e chi studia e sgobba non rester\u00e0 pi\u00f9 fuori gioco&#8221;. Il riferimento alle tantissime polemiche a indagini della magistratura per i test di Medicina di questa estate \u00e8 evidente. La disposizione, concordata da tempo col ministro dell&#8217;Universit\u00e0 Fabio Mussi, \u00e8 contenuta all&#8217;interno di uno dei due decreti legislativi (quello in materia di Valorizzazione della qualit\u00e0 dei risultati scolastici per l&#8217;ammissione ai corsi di laurea universitari e definizione dei percorsi di orientamento all&#8217;istruzione universitaria) approvato questa mattina<\/p>\n<p>In base al provvedimento in questione, accedere ad una delle facolt\u00e0 a numero programmato (come Medicina, Odontoiatria, Architettura, Veterinaria e Professioni sanitarie) non sar\u00e0 legato alla sola lotteria dei test di ammissione. Gli studenti pi\u00f9 meritevoli che dopo la maturit\u00e0 decideranno di proseguire gli studi all&#8217;universit\u00e0 si porteranno dietro una dote &#8220;in punti&#8221; che avr\u00e0 un peso non indifferente per l&#8217;accesso alle facolt\u00e0 a numero chiuso. &#8220;La maturit\u00e0 non sar\u00e0 pi\u00f9 solo un pezzo di carta &#8211; continua Fioroni &#8211; ma una porta d&#8217;ingresso al proprio futuro e finalmente gli studi delle superiori avranno un loro peso specifico&#8221;. Il curriculum scolastico degli ultimi tre anni di scuola superiore e il voto della maturit\u00e0 &#8220;garantiranno fino a 25&#8221; dei 105 punti complessivi attribuiti ai test di ammissione.<\/p>\n<p class=\"ad-box\"><!-- OAS AD 'Middle' - da inserire per 200x200 --><script type=\"text\/javascript\" language=\"javascript\">      <!--  OAS_RICH('Middle');  \/\/--><\/script><\/p>\n<p><!--\/inserto--><br \/>\nNelle facolt\u00e0 a numero chiuso, che ogni anno vedono ai nastri di partenza oltre 200 mila studenti, al test di ammissione sar\u00e0 attribuito un punteggio massimo di 80 i restanti 25 se li porteranno i ragazzi dalla scuola superiore. Contribuiranno a definire la &#8220;dote&#8221; per l&#8217;accesso all&#8217;universit\u00e0 &#8220;la media complessiva, non inferiore a sette decimi, dei voti ottenuti negli scrutini finali di ciascuno degli ultimi tre anni di frequenza della scuola secondaria superiore; la valutazione finale conseguita nell&#8217;esame di Stato dal 20 per cento degli studenti con la votazione pi\u00f9 alta, comunque non inferiore a 80 centesimi; la lode ottenuta nella valutazione finale dell&#8217;esame di Stato; le votazioni, uguali o superiori agli otto decimi, conseguite negli scrutini finali di ciascuno degli ultimi tre anni in discipline, predefinite nel bando di accesso a corsi universitari, che abbiano diretta attinenza o siano comunque significative per il corso di laurea prescelto&#8221;.<\/p>\n<p>Il decreto prevede anche &#8220;la realizzazione di appositi percorsi di orientamento affinch\u00e9 gli studenti arrivino preparati ai corsi di laurea che hanno scelto consolidando le proprie conoscenze in relazione alla preparazione richiesta per i diversi corsi di studio&#8221;. Per questo i docenti della scuola secondaria superiore possono essere coinvolti nella predisposizione dei test di accesso all&#8217;universit\u00e0, mentre nelle scuole possono essere organizzati percorsi di orientamento con la partecipazione di professori universitari.<br \/>\n<!-- fine TESTO -->(<em><!-- inizio DATA -->28 dicembre 2007<!-- fine DATA --><\/em>)<\/p>\n<p><strong>Che giudizio date a\u00a0questa nuova iniziativa del Ministro della Pubblica Istruzione?<\/strong><\/p>\n","protected":false},"excerpt":{"rendered":"<p>Test universitari, arriva la &#8220;dote&#8221; Conteranno anche i punti del liceo (Fonte: Repubblica.it) ROMA &#8211; Dal prossimo anno, per l&#8217;accesso all&#8217;Universit\u00e0 &#8220;conteranno bravura e curriculum scolastico&#8221;. Ad affermarlo \u00e8 il ministro della Pubblica istruzione, Giuseppe Fioroni che uscendo, poche ore fa, dall&#8217;ultimo Consiglio dei ministri del 2007, ha definito &#8220;di svolta&#8221; il provvedimento assunto dal [&hellip;]<\/p>\n","protected":false},"author":2,"featured_media":0,"comment_status":"open","ping_status":"open","sticky":false,"template":"","format":"standard","meta":[],"categories":[5],"tags":[],"_links":{"self":[{"href":"https:\/\/iopartecipo.azionecattolica.it\/index.php?rest_route=\/wp\/v2\/posts\/40"}],"collection":[{"href":"https:\/\/iopartecipo.azionecattolica.it\/index.php?rest_route=\/wp\/v2\/posts"}],"about":[{"href":"https:\/\/iopartecipo.azionecattolica.it\/index.php?rest_route=\/wp\/v2\/types\/post"}],"author":[{"embeddable":true,"href":"https:\/\/iopartecipo.azionecattolica.it\/index.php?rest_route=\/wp\/v2\/users\/2"}],"replies":[{"embeddable":true,"href":"https:\/\/iopartecipo.azionecattolica.it\/index.php?rest_route=%2Fwp%2Fv2%2Fcomments&post=40"}],"version-history":[{"count":0,"href":"https:\/\/iopartecipo.azionecattolica.it\/index.php?rest_route=\/wp\/v2\/posts\/40\/revisions"}],"wp:attachment":[{"href":"https:\/\/iopartecipo.azionecattolica.it\/index.php?rest_route=%2Fwp%2Fv2%2Fmedia&parent=40"}],"wp:term":[{"taxonomy":"category","embeddable":true,"href":"https:\/\/iopartecipo.azionecattolica.it\/index.php?rest_route=%2Fwp%2Fv2%2Fcategories&post=40"},{"taxonomy":"post_tag","embeddable":true,"href":"https:\/\/iopartecipo.azionecattolica.it\/index.php?rest_route=%2Fwp%2Fv2%2Ftags&post=40"}],"curies":[{"name":"wp","href":"https:\/\/api.w.org\/{rel}","templated":true}]}}