{"id":412,"date":"2009-03-25T22:16:29","date_gmt":"2009-03-25T21:16:29","guid":{"rendered":"http:\/\/www.azionecattolica.it\/net\/iopartecipo\/?p=412"},"modified":"2009-03-26T00:05:28","modified_gmt":"2009-03-25T23:05:28","slug":"al-via-la-preparazione-della-moca","status":"publish","type":"post","link":"https:\/\/iopartecipo.azionecattolica.it\/?p=412","title":{"rendered":"Al via la preparazione della Mo.CA"},"content":{"rendered":"<p style=\"text-align: justify;\"><a href=\"http:\/\/www.azionecattolica.it\/net\/iopartecipo\/wp-content\/uploads\/2009\/03\/moca20091.jpg\"><img loading=\"lazy\" class=\"size-medium wp-image-369 alignleft\" title=\"moca20091\" src=\"http:\/\/www.azionecattolica.it\/net\/iopartecipo\/wp-content\/uploads\/2009\/03\/moca20091-300x148.jpg\" alt=\"\" width=\"301\" height=\"148\" \/><\/a>E&#8217; on line il <a href=\"http:\/\/www.azionecattolica.it\/net\/iopartecipo\/movimento-in-cantiere-2009-la-scuola-in-testa\/\">sito <\/a>della Mo.Ca 2009!!!! Uno strumento per avere a disposizione una vetrina del convegno che ci attende ad aprile, oltre che essere un utile &#8220;baule&#8221; in cui scovare informazioni utili su programma, modalit\u00e0 e soprattutto <strong>MATERIALI<\/strong> per prepararsi all&#8217;evento!<\/p>\n<p style=\"text-align: justify;\">\n<p style=\"text-align: justify;\"><span style=\"color: #ffffff;\">LA PREPARAZIONE \u00e8 infatti fondamentale!<\/span><\/p>\n<p style=\"text-align: justify;\">LA PREPARAZIONE \u00e8 infatti fondamentale!<\/p>\n<p style=\"text-align: justify;\">Alla Mo.Ca sarann aperti TRE CANTIERI: Organi Collegiali, Diritto allo Studio e Didattica. Ogni partecipante prender\u00e0 parte, nella giornata del 25 aprile, ad UNO SOLO di questi cantieri ed \u00e8 preferibile che arrivi a Castellammare in qualche misura preparato agli argomenti che verranno affrontati. Proprio per questo pubblichiamo sul sito un po&#8217; di materiali per ciascun laboratorio<\/p>\n<p style=\"text-align: justify;\">Si tratta di schede sintetiche che illustrano lo stato della legislazione vigente riguardo i diversi argomenti. Sono previste poi schede generali per inquadrare il tema e schede pi\u00f9 specifiche per proporre attivit\u00e0 realizzabili nelle diocesi<\/p>\n<p style=\"text-align: justify;\">Sul sito sono gi\u00e0 pronte le pagine dei materiali per il cantiere sugli <a href=\"http:\/\/www.azionecattolica.it\/net\/iopartecipo\/movimento-in-cantiere-2009-la-scuola-in-testa\/i-laboratori\/organi-collegiali\/\">ORGANI COLLEGIALI<\/a> , quello della <a href=\"http:\/\/www.azionecattolica.it\/net\/iopartecipo\/movimento-in-cantiere-2009-la-scuola-in-testa\/i-laboratori\/didattica\/\">DIDATTICA <\/a> e infine quello sul <a href=\"http:\/\/www.azionecattolica.it\/net\/iopartecipo\/movimento-in-cantiere-2009-la-scuola-in-testa\/i-laboratori\/diritto-allo-studio\/\">DIRITTO ALLO STUDIO<\/a>.<\/p>\n<p style=\"text-align: justify;\">Conulta subito le schede e mettiti in movimento!<\/p>\n<p style=\"text-align: justify;\">\n<p style=\"text-align: justify;\">\n","protected":false},"excerpt":{"rendered":"<p>E&#8217; on line il sito della Mo.Ca 2009!!!! Uno strumento per avere a disposizione una vetrina del convegno che ci attende ad aprile, oltre che essere un utile &#8220;baule&#8221; in cui scovare informazioni utili su programma, modalit\u00e0 e soprattutto MATERIALI per prepararsi all&#8217;evento! LA PREPARAZIONE \u00e8 infatti fondamentale! LA PREPARAZIONE \u00e8 infatti fondamentale! Alla Mo.Ca [&hellip;]<\/p>\n","protected":false},"author":3,"featured_media":0,"comment_status":"open","ping_status":"open","sticky":false,"template":"","format":"standard","meta":[],"categories":[10],"tags":[],"_links":{"self":[{"href":"https:\/\/iopartecipo.azionecattolica.it\/index.php?rest_route=\/wp\/v2\/posts\/412"}],"collection":[{"href":"https:\/\/iopartecipo.azionecattolica.it\/index.php?rest_route=\/wp\/v2\/posts"}],"about":[{"href":"https:\/\/iopartecipo.azionecattolica.it\/index.php?rest_route=\/wp\/v2\/types\/post"}],"author":[{"embeddable":true,"href":"https:\/\/iopartecipo.azionecattolica.it\/index.php?rest_route=\/wp\/v2\/users\/3"}],"replies":[{"embeddable":true,"href":"https:\/\/iopartecipo.azionecattolica.it\/index.php?rest_route=%2Fwp%2Fv2%2Fcomments&post=412"}],"version-history":[{"count":8,"href":"https:\/\/iopartecipo.azionecattolica.it\/index.php?rest_route=\/wp\/v2\/posts\/412\/revisions"}],"predecessor-version":[{"id":422,"href":"https:\/\/iopartecipo.azionecattolica.it\/index.php?rest_route=\/wp\/v2\/posts\/412\/revisions\/422"}],"wp:attachment":[{"href":"https:\/\/iopartecipo.azionecattolica.it\/index.php?rest_route=%2Fwp%2Fv2%2Fmedia&parent=412"}],"wp:term":[{"taxonomy":"category","embeddable":true,"href":"https:\/\/iopartecipo.azionecattolica.it\/index.php?rest_route=%2Fwp%2Fv2%2Fcategories&post=412"},{"taxonomy":"post_tag","embeddable":true,"href":"https:\/\/iopartecipo.azionecattolica.it\/index.php?rest_route=%2Fwp%2Fv2%2Ftags&post=412"}],"curies":[{"name":"wp","href":"https:\/\/api.w.org\/{rel}","templated":true}]}}