{"id":441,"date":"2009-04-06T19:16:26","date_gmt":"2009-04-06T18:16:26","guid":{"rendered":"http:\/\/www.azionecattolica.it\/net\/iopartecipo\/?p=441"},"modified":"2009-09-23T09:23:33","modified_gmt":"2009-09-23T08:23:33","slug":"studenti-per-labruzzo","status":"publish","type":"post","link":"https:\/\/iopartecipo.azionecattolica.it\/?p=441","title":{"rendered":"Studenti per l&#8217;Abruzzo"},"content":{"rendered":"<p style=\"text-align: center;\"><img loading=\"lazy\" class=\"alignnone\" src=\"http:\/\/www.azionecattolica.it\/rj\/fdg090406terremoto.jpg\" alt=\"\" width=\"448\" height=\"200\" \/><\/p>\n<div id=\"dialogando\" style=\"text-align: center;\">\n<p align=\"justify\"><em>\u201cSiamo disperati, la gente \u00e8 in strada oppure accostata alle porte. Ci dicono di non muoverci. Non vediamo passare pi\u00f9 i soccorsi, forse i viadotti sono pericolanti. Dicono che ci sia un morto nella mia parrocchia, ma non posso nemmeno sapere chi sia, non posso muovermi. Mi dicono che nell\u2019altra mia parrocchia \u00e8 tutto raso al suolo, ma non posso raggiungerla. Al momento non sappiamo nemmeno di cosa abbiamo bisogno. Stateci vicini, stateci vicini davvero\u201d. (Don Danilo Priori, assistente diocesano dell&#8217;AC de L&#8217;Aquila)<\/em><\/p>\n<p align=\"justify\">La Presidenza nazionale dell\u2019Azione Cattolica Italiana esprime la sua totale vicinanza e partecipazione al dolore di quanti sono stati colpiti dal terremoto che questa notte alle ore 3.32 ha investito l\u2019Italia centrale, e in modo particolare la citt\u00e0 dell\u2019Aquila e numerosi paesi limitrofi.<\/p>\n<p align=\"justify\">Alle famiglie che hanno perso i loro cari assicuriamo la nostra preghiera affinch\u00e9 Dio accolga i defunti nella sua casa e doni loro il conforto della fede, nella speranza della vita nuova e della pace che viene dal Signore.<\/p>\n<p align=\"justify\">Alle comunit\u00e0 civili e alle Chiese locali assicuriamo il nostro sostegno concreto e immediato affinch\u00e9 da subito si curino le ferite lasciate dal sisma e ci si adoperi per una pronta azione di ricostruzione non solo materiale.<\/p>\n<p align=\"justify\"><strong>La Presidenza nazionale dell\u2019AC chiede alle associazioni parrocchiali e diocesane di tutto il Paese, e a ciascun socio, di farsi promotori e di adoperarsi a sostegno di iniziative volte ad aiutare concretamente quanti in queste ore buie patiscono le conseguenze del sisma.<\/strong><\/p>\n<p align=\"justify\">Giulio Saraceni, delegato regionale dell\u2019Azione Cattolica dell\u2019Abruzzo e Molise ci segnala che la delegazione regionale delle zone terremotate gi\u00e0 da questa notte si \u00e8 attivata per offrire soccorso e soprattutto ospitalit\u00e0 a quanti hanno perso casa e averi. L&#8217;Ac inoltre sta curando il collegamento con le Caritas diocesane il coordinamento delle iniziative di solidariet\u00e0 approntabili a livello locale<\/p>\n<p align=\"justify\"><em><strong>Lodevole ci pare l&#8217;iniziativa promossa da Unione degli Universitari (UDU), Rete degli STudenti medi (Re.Te) e Federazione Universitaria Cattolica Italiana per la raccolta\u00a0 tra gli studenti di tutta Italia\u00a0 di disponibilit\u00e0 di alloggio per gli sfollati. Per contattare la segreteria organizzativa <\/strong><\/em><!--[if gte mso 9]><xml> <w:WordDocument> <w:View>Normal<\/w:View> <w:Zoom>0<\/w:Zoom> <w:HyphenationZone>14<\/w:HyphenationZone> <w:PunctuationKerning \/> <w:ValidateAgainstSchemas \/> <w:SaveIfXMLInvalid>false<\/w:SaveIfXMLInvalid> <w:IgnoreMixedContent>false<\/w:IgnoreMixedContent> <w:AlwaysShowPlaceholderText>false<\/w:AlwaysShowPlaceholderText> <w:Compatibility> <w:BreakWrappedTables \/> <w:SnapToGridInCell \/> <w:WrapTextWithPunct \/> <w:UseAsianBreakRules \/> <w:DontGrowAutofit \/> <\/w:Compatibility> <\/w:WordDocument> <\/xml><![endif]--><!--[if gte mso 9]><xml> <w:LatentStyles DefLockedState=\"false\" LatentStyleCount=\"156\"> <\/w:LatentStyles> <\/xml><![endif]-->: <a href=\"mailto:giovanixlaquila@gmail.com\">giovanixlaquila@gmail.com<\/a><\/p>\n<\/div>\n","protected":false},"excerpt":{"rendered":"<p>\u201cSiamo disperati, la gente \u00e8 in strada oppure accostata alle porte. Ci dicono di non muoverci. Non vediamo passare pi\u00f9 i soccorsi, forse i viadotti sono pericolanti. Dicono che ci sia un morto nella mia parrocchia, ma non posso nemmeno sapere chi sia, non posso muovermi. Mi dicono che nell\u2019altra mia parrocchia \u00e8 tutto raso [&hellip;]<\/p>\n","protected":false},"author":3,"featured_media":0,"comment_status":"open","ping_status":"open","sticky":false,"template":"","format":"standard","meta":[],"categories":[6],"tags":[],"_links":{"self":[{"href":"https:\/\/iopartecipo.azionecattolica.it\/index.php?rest_route=\/wp\/v2\/posts\/441"}],"collection":[{"href":"https:\/\/iopartecipo.azionecattolica.it\/index.php?rest_route=\/wp\/v2\/posts"}],"about":[{"href":"https:\/\/iopartecipo.azionecattolica.it\/index.php?rest_route=\/wp\/v2\/types\/post"}],"author":[{"embeddable":true,"href":"https:\/\/iopartecipo.azionecattolica.it\/index.php?rest_route=\/wp\/v2\/users\/3"}],"replies":[{"embeddable":true,"href":"https:\/\/iopartecipo.azionecattolica.it\/index.php?rest_route=%2Fwp%2Fv2%2Fcomments&post=441"}],"version-history":[{"count":4,"href":"https:\/\/iopartecipo.azionecattolica.it\/index.php?rest_route=\/wp\/v2\/posts\/441\/revisions"}],"predecessor-version":[{"id":775,"href":"https:\/\/iopartecipo.azionecattolica.it\/index.php?rest_route=\/wp\/v2\/posts\/441\/revisions\/775"}],"wp:attachment":[{"href":"https:\/\/iopartecipo.azionecattolica.it\/index.php?rest_route=%2Fwp%2Fv2%2Fmedia&parent=441"}],"wp:term":[{"taxonomy":"category","embeddable":true,"href":"https:\/\/iopartecipo.azionecattolica.it\/index.php?rest_route=%2Fwp%2Fv2%2Fcategories&post=441"},{"taxonomy":"post_tag","embeddable":true,"href":"https:\/\/iopartecipo.azionecattolica.it\/index.php?rest_route=%2Fwp%2Fv2%2Ftags&post=441"}],"curies":[{"name":"wp","href":"https:\/\/api.w.org\/{rel}","templated":true}]}}