{"id":48,"date":"2008-06-03T08:39:11","date_gmt":"2008-06-03T07:39:11","guid":{"rendered":"http:\/\/www.azionecattolica.it\/net\/iopartecipo\/ultime-dal-forum\/forum-delle-associazioni-il-primo-incontro-col-ministro\/"},"modified":"2008-06-08T08:59:54","modified_gmt":"2008-06-08T07:59:54","slug":"forum-delle-associazioni-il-primo-incontro-col-ministro","status":"publish","type":"post","link":"https:\/\/iopartecipo.azionecattolica.it\/?p=48","title":{"rendered":"Forum delle associazioni. Il primo incontro col Ministro"},"content":{"rendered":"<p align=\"center\"> <img loading=\"lazy\" src=\"http:\/\/www.erboristeriaedaltro.com\/camereciprobeb\/ministero_della_pubblica_istruzione_4.JPG\" height=\"300\" width=\"400\" \/><\/p>\n<p align=\"center\">Oggi il Forum delle Associazioni studentesche maggiormente rappresentative (ASR) ha incontrato per la prima volta il Ministro Maria Stella Gelmini. Dopo un veloce giro di tavolo di presentazione delle associazioni presenti al Forum, ciascuna componente studentesca, su invito del ministro, ha esplicitato le priorit\u00e0 e gli interventi che a proprio parere sarebbero da attuare pi\u00f9 urgentemente durante questa legislatura. Il Ministro, in preparazione alle prossime sedute del Forum a cui pare abbia promesso di essere sempre presente, ha chiesto a tutti, al di l\u00e0 delle richieste in merito ai singoli interventi, la capacit\u00e0 di una riflessione pi\u00f9 ad ampio respiro (&#8220;filosofica&#8221;, ha provato a chiamarla, intendendo comunque un taglio socio-educativo) sulla scuola e il sistema di istruzione e formazione. Questo ci fa pensare (ma lei non l&#8217;ha detto esplicitamente) che abbia in mente di metter mano organicamente e concretamente alla riforma lasciata inattuata dal ministro Moratti e poi &#8220;smontata&#8221; dal cacciavite Fioroni. Prendendo spunto dagli interventi delle associazioni studentesche, ha poi promesso una riflessione in merito alla riforma degli Organi Collegiali, i cui progetti di legge elaborati dalle commissioni parlamentari giacciono da tempo alla Camera mai discussi. Ha poi fatto presente realisticamente (ha insistito molto su questo punto) le possibilit\u00e0 finanziarie di questo Ministero, per cui ha invitato a concentrarsi su interventi che siano davvero priorit\u00e0 ta i tanti altri sicuramente urgenti. Riguardo poi ai provvedimenti nati su iniziativa del ministero Fioroni ha promesso per quanto possibile continuit\u00e0. La carta &#8220;Iostudio&#8221; potrebbe, su suggerimento di tutte le associazioni del Forum, venire estesa anche agli universitari. La riflessione sul diritto allo studio probabilmente continuer\u00e0 ad essere intrapresa dai tavoli del Forum. Infine il Ministro ha chiesto il parere delle associazioni riguardo al nodo dei debiti formativi, anticipandoci la prossima uscita di una circolare chiarificatrice in merito.<\/p>\n","protected":false},"excerpt":{"rendered":"<p>Oggi il Forum delle Associazioni studentesche maggiormente rappresentative (ASR) ha incontrato per la prima volta il Ministro Maria Stella Gelmini. Dopo un veloce giro di tavolo di presentazione delle associazioni presenti al Forum, ciascuna componente studentesca, su invito del ministro, ha esplicitato le priorit\u00e0 e gli interventi che a proprio parere sarebbero da attuare pi\u00f9 [&hellip;]<\/p>\n","protected":false},"author":3,"featured_media":0,"comment_status":"open","ping_status":"open","sticky":false,"template":"","format":"standard","meta":[],"categories":[1],"tags":[],"_links":{"self":[{"href":"https:\/\/iopartecipo.azionecattolica.it\/index.php?rest_route=\/wp\/v2\/posts\/48"}],"collection":[{"href":"https:\/\/iopartecipo.azionecattolica.it\/index.php?rest_route=\/wp\/v2\/posts"}],"about":[{"href":"https:\/\/iopartecipo.azionecattolica.it\/index.php?rest_route=\/wp\/v2\/types\/post"}],"author":[{"embeddable":true,"href":"https:\/\/iopartecipo.azionecattolica.it\/index.php?rest_route=\/wp\/v2\/users\/3"}],"replies":[{"embeddable":true,"href":"https:\/\/iopartecipo.azionecattolica.it\/index.php?rest_route=%2Fwp%2Fv2%2Fcomments&post=48"}],"version-history":[{"count":0,"href":"https:\/\/iopartecipo.azionecattolica.it\/index.php?rest_route=\/wp\/v2\/posts\/48\/revisions"}],"wp:attachment":[{"href":"https:\/\/iopartecipo.azionecattolica.it\/index.php?rest_route=%2Fwp%2Fv2%2Fmedia&parent=48"}],"wp:term":[{"taxonomy":"category","embeddable":true,"href":"https:\/\/iopartecipo.azionecattolica.it\/index.php?rest_route=%2Fwp%2Fv2%2Fcategories&post=48"},{"taxonomy":"post_tag","embeddable":true,"href":"https:\/\/iopartecipo.azionecattolica.it\/index.php?rest_route=%2Fwp%2Fv2%2Ftags&post=48"}],"curies":[{"name":"wp","href":"https:\/\/api.w.org\/{rel}","templated":true}]}}