{"id":491,"date":"2009-04-23T11:01:22","date_gmt":"2009-04-23T10:01:22","guid":{"rendered":"http:\/\/www.azionecattolica.it\/net\/iopartecipo\/?p=491"},"modified":"2009-04-23T11:07:01","modified_gmt":"2009-04-23T10:07:01","slug":"esce-sassoli-entra-rosario-carello","status":"publish","type":"post","link":"https:\/\/iopartecipo.azionecattolica.it\/?p=491","title":{"rendered":"Esce Sassoli, entra Carello"},"content":{"rendered":"<p style=\"text-align: center;\">Candidato alle elezioni europee 2009, David Sassoli non potr\u00e0 partecipare alla nostra Mo.Ca di Castellammare.<\/p>\n<p style=\"text-align: center;\">Venerd\u00ec sera il Movimento Studenti di Azione Cattolica incontrer\u00e0 allora<\/p>\n<h2 style=\"text-align: center;\"><span style=\"color: #000000;\"><strong>ROSARIO CARELLO<\/strong><\/span><\/h2>\n<p style=\"text-align: center;\">giornalista di RAIUNO, conduttore di &#8220;A sua immagine&#8221;.<\/p>\n<p style=\"text-align: center;\">\n<p style=\"text-align: center;\">Grazie Rosario per il tuo si!!!!!<\/p>\n","protected":false},"excerpt":{"rendered":"<p>Candidato alle elezioni europee 2009, David Sassoli non potr\u00e0 partecipare alla nostra Mo.Ca di Castellammare. Venerd\u00ec sera il Movimento Studenti di Azione Cattolica incontrer\u00e0 allora ROSARIO CARELLO giornalista di RAIUNO, conduttore di &#8220;A sua immagine&#8221;. Grazie Rosario per il tuo si!!!!!<\/p>\n","protected":false},"author":3,"featured_media":0,"comment_status":"open","ping_status":"open","sticky":false,"template":"","format":"standard","meta":[],"categories":[10],"tags":[],"_links":{"self":[{"href":"https:\/\/iopartecipo.azionecattolica.it\/index.php?rest_route=\/wp\/v2\/posts\/491"}],"collection":[{"href":"https:\/\/iopartecipo.azionecattolica.it\/index.php?rest_route=\/wp\/v2\/posts"}],"about":[{"href":"https:\/\/iopartecipo.azionecattolica.it\/index.php?rest_route=\/wp\/v2\/types\/post"}],"author":[{"embeddable":true,"href":"https:\/\/iopartecipo.azionecattolica.it\/index.php?rest_route=\/wp\/v2\/users\/3"}],"replies":[{"embeddable":true,"href":"https:\/\/iopartecipo.azionecattolica.it\/index.php?rest_route=%2Fwp%2Fv2%2Fcomments&post=491"}],"version-history":[{"count":3,"href":"https:\/\/iopartecipo.azionecattolica.it\/index.php?rest_route=\/wp\/v2\/posts\/491\/revisions"}],"predecessor-version":[{"id":497,"href":"https:\/\/iopartecipo.azionecattolica.it\/index.php?rest_route=\/wp\/v2\/posts\/491\/revisions\/497"}],"wp:attachment":[{"href":"https:\/\/iopartecipo.azionecattolica.it\/index.php?rest_route=%2Fwp%2Fv2%2Fmedia&parent=491"}],"wp:term":[{"taxonomy":"category","embeddable":true,"href":"https:\/\/iopartecipo.azionecattolica.it\/index.php?rest_route=%2Fwp%2Fv2%2Fcategories&post=491"},{"taxonomy":"post_tag","embeddable":true,"href":"https:\/\/iopartecipo.azionecattolica.it\/index.php?rest_route=%2Fwp%2Fv2%2Ftags&post=491"}],"curies":[{"name":"wp","href":"https:\/\/api.w.org\/{rel}","templated":true}]}}