{"id":505,"date":"2009-04-22T11:52:34","date_gmt":"2009-04-22T10:52:34","guid":{"rendered":"http:\/\/www.azionecattolica.it\/net\/iopartecipo\/?p=505"},"modified":"2009-04-23T11:52:52","modified_gmt":"2009-04-23T10:52:52","slug":"gli-ospiti-della-moca-5","status":"publish","type":"post","link":"https:\/\/iopartecipo.azionecattolica.it\/?p=505","title":{"rendered":"Gli ospiti della Mo.Ca \/5"},"content":{"rendered":"<p><strong>CANTIERE DIRITTO ALLO STUDIO &#8211; MAX BRUSCHI<\/strong><img loading=\"lazy\" class=\"alignright\" src=\"http:\/\/farm3.static.flickr.com\/2397\/2225922010_bba0481ab7.jpg?v=0\" alt=\"\" width=\"367\" height=\"227\" \/><\/p>\n<p style=\"text-align: justify;\">Nato a Milano, nel 1969 gi\u00e0 consigliere provinciale, \u00e8 attualmente consigliere politico del Ministro dell&#8217;Istruzione Maria Stella Gelmini. Bruschi, per la sua esperienza amministrativa in provincia e al ministero, \u00e8 stato reputato dal MIUR l&#8217;esperto pi\u00f9 adatto per discutere col MSAC dei progetti di legge quadro nazionale sul diritto allo studio. Una curiosit\u00e0: \u00e8 stato membro del consiglio d&#8217;istituto ai tempi del suo liceo linguistico Manzoni!<\/p>\n","protected":false},"excerpt":{"rendered":"<p>CANTIERE DIRITTO ALLO STUDIO &#8211; MAX BRUSCHI Nato a Milano, nel 1969 gi\u00e0 consigliere provinciale, \u00e8 attualmente consigliere politico del Ministro dell&#8217;Istruzione Maria Stella Gelmini. Bruschi, per la sua esperienza amministrativa in provincia e al ministero, \u00e8 stato reputato dal MIUR l&#8217;esperto pi\u00f9 adatto per discutere col MSAC dei progetti di legge quadro nazionale sul [&hellip;]<\/p>\n","protected":false},"author":3,"featured_media":0,"comment_status":"open","ping_status":"open","sticky":false,"template":"","format":"standard","meta":[],"categories":[10],"tags":[],"_links":{"self":[{"href":"https:\/\/iopartecipo.azionecattolica.it\/index.php?rest_route=\/wp\/v2\/posts\/505"}],"collection":[{"href":"https:\/\/iopartecipo.azionecattolica.it\/index.php?rest_route=\/wp\/v2\/posts"}],"about":[{"href":"https:\/\/iopartecipo.azionecattolica.it\/index.php?rest_route=\/wp\/v2\/types\/post"}],"author":[{"embeddable":true,"href":"https:\/\/iopartecipo.azionecattolica.it\/index.php?rest_route=\/wp\/v2\/users\/3"}],"replies":[{"embeddable":true,"href":"https:\/\/iopartecipo.azionecattolica.it\/index.php?rest_route=%2Fwp%2Fv2%2Fcomments&post=505"}],"version-history":[{"count":2,"href":"https:\/\/iopartecipo.azionecattolica.it\/index.php?rest_route=\/wp\/v2\/posts\/505\/revisions"}],"predecessor-version":[{"id":507,"href":"https:\/\/iopartecipo.azionecattolica.it\/index.php?rest_route=\/wp\/v2\/posts\/505\/revisions\/507"}],"wp:attachment":[{"href":"https:\/\/iopartecipo.azionecattolica.it\/index.php?rest_route=%2Fwp%2Fv2%2Fmedia&parent=505"}],"wp:term":[{"taxonomy":"category","embeddable":true,"href":"https:\/\/iopartecipo.azionecattolica.it\/index.php?rest_route=%2Fwp%2Fv2%2Fcategories&post=505"},{"taxonomy":"post_tag","embeddable":true,"href":"https:\/\/iopartecipo.azionecattolica.it\/index.php?rest_route=%2Fwp%2Fv2%2Ftags&post=505"}],"curies":[{"name":"wp","href":"https:\/\/api.w.org\/{rel}","templated":true}]}}