{"id":517,"date":"2009-04-24T10:17:24","date_gmt":"2009-04-24T09:17:24","guid":{"rendered":"http:\/\/www.azionecattolica.it\/net\/iopartecipo\/?p=517"},"modified":"2009-04-29T10:38:48","modified_gmt":"2009-04-29T09:38:48","slug":"gli-ospiti-della-moca6","status":"publish","type":"post","link":"https:\/\/iopartecipo.azionecattolica.it\/?p=517","title":{"rendered":"Gli ospiti della Mo.Ca\/6"},"content":{"rendered":"<p style=\"text-align: justify;\"><img loading=\"lazy\" class=\"alignright\" src=\"http:\/\/www.azionecattolica.it\/net\/notizie\/wp-content\/uploads\/2008\/05\/miano_med.gif\" alt=\"\" width=\"200\" height=\"266\" \/><\/p>\n<p style=\"text-align: justify;\"><strong>DOMENICA MATTINA &#8211; FRANCO MIANO<\/strong><\/p>\n<p style=\"text-align: justify;\"><em>Dulcis in fundo,<\/em> il nostro Presidente nazionale dell&#8217;Azione Cattolica Italiana, che sar\u00e0 con noi la mattina di domenica 26 aprile. Franco \u00e8 nato il 10 dicembre 1960, \u00e8 sposato con Pina De Simone, gi\u00e0 collaboratrice centrale MSAC (dell&#8217;UFFICIO MSAC nazionale, insomma, quella che ora si chiama segreteria) e ora presidente diocesana dell&#8217;Azione Cattolica di Nola. Ha due figli, Irene (14 anni), educatrice ACR in parrocchia, e Armando (17 anni), il msacchinissimo segretario diocesano di Nola. Franco \u00e8 cresciuto nell&#8217;associazione, impagnato fin da bambino. Dal 1986 al 1989 \u00e8 stato vicepresidente nazionale dei Giovani, mentre lo scorso triennio era vicepresidente degli adulti. Insegna antropologia filosofia e etica e filosofia della religione presso l&#8217;Universit\u00e0 di Roma Tor Vergata<\/p>\n","protected":false},"excerpt":{"rendered":"<p>DOMENICA MATTINA &#8211; FRANCO MIANO Dulcis in fundo, il nostro Presidente nazionale dell&#8217;Azione Cattolica Italiana, che sar\u00e0 con noi la mattina di domenica 26 aprile. Franco \u00e8 nato il 10 dicembre 1960, \u00e8 sposato con Pina De Simone, gi\u00e0 collaboratrice centrale MSAC (dell&#8217;UFFICIO MSAC nazionale, insomma, quella che ora si chiama segreteria) e ora presidente [&hellip;]<\/p>\n","protected":false},"author":3,"featured_media":0,"comment_status":"open","ping_status":"open","sticky":false,"template":"","format":"standard","meta":[],"categories":[10],"tags":[],"_links":{"self":[{"href":"https:\/\/iopartecipo.azionecattolica.it\/index.php?rest_route=\/wp\/v2\/posts\/517"}],"collection":[{"href":"https:\/\/iopartecipo.azionecattolica.it\/index.php?rest_route=\/wp\/v2\/posts"}],"about":[{"href":"https:\/\/iopartecipo.azionecattolica.it\/index.php?rest_route=\/wp\/v2\/types\/post"}],"author":[{"embeddable":true,"href":"https:\/\/iopartecipo.azionecattolica.it\/index.php?rest_route=\/wp\/v2\/users\/3"}],"replies":[{"embeddable":true,"href":"https:\/\/iopartecipo.azionecattolica.it\/index.php?rest_route=%2Fwp%2Fv2%2Fcomments&post=517"}],"version-history":[{"count":4,"href":"https:\/\/iopartecipo.azionecattolica.it\/index.php?rest_route=\/wp\/v2\/posts\/517\/revisions"}],"predecessor-version":[{"id":520,"href":"https:\/\/iopartecipo.azionecattolica.it\/index.php?rest_route=\/wp\/v2\/posts\/517\/revisions\/520"}],"wp:attachment":[{"href":"https:\/\/iopartecipo.azionecattolica.it\/index.php?rest_route=%2Fwp%2Fv2%2Fmedia&parent=517"}],"wp:term":[{"taxonomy":"category","embeddable":true,"href":"https:\/\/iopartecipo.azionecattolica.it\/index.php?rest_route=%2Fwp%2Fv2%2Fcategories&post=517"},{"taxonomy":"post_tag","embeddable":true,"href":"https:\/\/iopartecipo.azionecattolica.it\/index.php?rest_route=%2Fwp%2Fv2%2Ftags&post=517"}],"curies":[{"name":"wp","href":"https:\/\/api.w.org\/{rel}","templated":true}]}}