{"id":52,"date":"2008-07-23T18:20:05","date_gmt":"2008-07-23T17:20:05","guid":{"rendered":"http:\/\/www.azionecattolica.it\/net\/iopartecipo\/che-ne-pensate-di\/addio-ssis-e-auguri-professore\/"},"modified":"2008-07-23T18:27:29","modified_gmt":"2008-07-23T17:27:29","slug":"addio-ssis-e-auguri-professore","status":"publish","type":"post","link":"https:\/\/iopartecipo.azionecattolica.it\/?p=52","title":{"rendered":"Addio SSIS&#8230; e auguri professore!"},"content":{"rendered":"<p align=\"justify\"><font size=\"2\"><br \/>\n<object width=\"425\" height=\"344\"><param name=\"movie\" value=\"http:\/\/www.youtube.com\/v\/C7rdowUfqJA&#038;hl=en&#038;fs=1\"><\/param><param name=\"allowFullScreen\" value=\"true\"><\/param><embed src=\"http:\/\/www.youtube.com\/v\/C7rdowUfqJA&#038;hl=en&#038;fs=1\" type=\"application\/x-shockwave-flash\" allowfullscreen=\"true\" width=\"425\" height=\"344\"><\/embed><\/object><\/p>\n<p align=\"justify\"><font size=\"2\">La commissione Cultura del Senato ha approvato l&#8217;emendamento del governo al decreto legislativo n.112 che prevede la sospensione del decimo ciclo delle Scuole di Specializzazione all&#8217;Insegnamento Secondario. Non \u00e8 ancora legge, ma possiamo prevedere che la maggioranza non tarder\u00e0 ad attribuire l&#8217;approvazione definitiva. Significa che non ci saranno pi\u00f9 SSIS, da tanti criticate, perch\u00e9 ritenute onerose e passaggio burocratico inutile, oltre ad essere un ulteriore investimento di tempo e studio per i neolaureati, indotti a trascorrere altri 2 anni nello studio universitario. Ma niente pi\u00f9 SSIS non significa che qualcos&#8217;altro le sostituir\u00e0, almeno non al momento. Un momento che per\u00f2 potrebbe durare anni. Non \u00e8 infatti adesso previsto nessun meccanismo di abilitazione alternativo, il processo di reclutamento\/formazione degli insegnanti \u00e8 sospeso. Esistono le &#8220;vecchie&#8221; graduatorie, quelle gi\u00e0 bloccate da Fioroni nella previsione del loro esaurimento entro il 2010. Ma con l&#8217;annuncio dei 130.000 posti in meno all&#8217;organico della scuola italiana previsto nella prossima finanziaria, \u00e8 pi\u00f9 che probabile che tale termine slitter\u00e0 di parecchio. Nel frattempo, i nuovi laureati che desidereranno insegnare non potranno accedere n\u00e8 all&#8217;abilitazione, n\u00e8 all&#8217;inserimento in graduatoria. <\/font><\/p>\n<p align=\"justify\"><font size=\"2\">Sono notizie allarmanti, che non possono non tratteggiarci lo smantellamento del sistema di insegnamento secondario. In attesa della sospirata &#8220;revisione&#8221; dei meccanismi di &#8220;reclutamento&#8221; e selezione del personale docente, la sospensione delle SSIS ed il blocco delle graduatorie non \u00e8 certo quel &#8220;rinnovamento&#8221; che ci attendevamo. Significa rinunciare ad investire sulla formazione degli insegnanti, significa impedire ai giovani laureati nei prossimi anni di accedere all&#8217;insegnamento e popolare le scuole, significa affidare l&#8217;istruzione superiore a &#8220;nuovi&#8221; prof che entreranno gi\u00e0 &#8220;vecchi&#8221;, parcheggiati come sono nelle graduatorie da anni, e molti di loro non certo per vocazione, quanto in cerca di una soluzione &#8220;di ripiego&#8221;, in attesa di &#8220;migliore sistemazione&#8221;<\/font><\/p>\n<p align=\"justify\"><font size=\"2\">A questo scenario affidiamo il futuro delle nostre scuole e dei nostri studenti nei prossimi anni. Una scuola di qualit\u00e0 non pu\u00f2 che passare da docenti di qualit\u00e0, e alla qualit\u00e0 aggiungiamo la vocazione, perch\u00e8 dedizione e passione si trasmettono al pari della conoscenza. Ci pare che l&#8217;attuale soluzione legislativa al problema del turn over degli insegnanti non soddisfi nessuna delle due condizioni.  <\/font><\/p>\n<p align=\"right\"><font size=\"2\"> <\/font><\/p>\n<p align=\"right\"><font size=\"2\"><font size=\"1\"><em>Ricordo ancora quello sguardo miope che all&#8217;improvviso si accese di interesse<br \/>\ne fu allora, per la prima volta, che scoprii che mi piaceva insegnare<br \/>\ne ad un tratto mi resi conto che trasmettere abilit\u00e0 rende abili, che trasmettere intelligenza rende intelligenti,<br \/>\nche trasmettere speranza aumenta la speranza.<br \/>\nCominciai ad insegnare per questo, per togliere l&#8217;opaco dagli occhi dei miei allievi<\/em><\/font><\/font><\/p>\n","protected":false},"excerpt":{"rendered":"<p>La commissione Cultura del Senato ha approvato l&#8217;emendamento del governo al decreto legislativo n.112 che prevede la sospensione del decimo ciclo delle Scuole di Specializzazione all&#8217;Insegnamento Secondario. Non \u00e8 ancora legge, ma possiamo prevedere che la maggioranza non tarder\u00e0 ad attribuire l&#8217;approvazione definitiva. Significa che non ci saranno pi\u00f9 SSIS, da tanti criticate, perch\u00e9 ritenute [&hellip;]<\/p>\n","protected":false},"author":3,"featured_media":0,"comment_status":"open","ping_status":"open","sticky":false,"template":"","format":"standard","meta":[],"categories":[5],"tags":[],"_links":{"self":[{"href":"https:\/\/iopartecipo.azionecattolica.it\/index.php?rest_route=\/wp\/v2\/posts\/52"}],"collection":[{"href":"https:\/\/iopartecipo.azionecattolica.it\/index.php?rest_route=\/wp\/v2\/posts"}],"about":[{"href":"https:\/\/iopartecipo.azionecattolica.it\/index.php?rest_route=\/wp\/v2\/types\/post"}],"author":[{"embeddable":true,"href":"https:\/\/iopartecipo.azionecattolica.it\/index.php?rest_route=\/wp\/v2\/users\/3"}],"replies":[{"embeddable":true,"href":"https:\/\/iopartecipo.azionecattolica.it\/index.php?rest_route=%2Fwp%2Fv2%2Fcomments&post=52"}],"version-history":[{"count":0,"href":"https:\/\/iopartecipo.azionecattolica.it\/index.php?rest_route=\/wp\/v2\/posts\/52\/revisions"}],"wp:attachment":[{"href":"https:\/\/iopartecipo.azionecattolica.it\/index.php?rest_route=%2Fwp%2Fv2%2Fmedia&parent=52"}],"wp:term":[{"taxonomy":"category","embeddable":true,"href":"https:\/\/iopartecipo.azionecattolica.it\/index.php?rest_route=%2Fwp%2Fv2%2Fcategories&post=52"},{"taxonomy":"post_tag","embeddable":true,"href":"https:\/\/iopartecipo.azionecattolica.it\/index.php?rest_route=%2Fwp%2Fv2%2Ftags&post=52"}],"curies":[{"name":"wp","href":"https:\/\/api.w.org\/{rel}","templated":true}]}}