{"id":53,"date":"2008-07-28T01:28:01","date_gmt":"2008-07-28T00:28:01","guid":{"rendered":"http:\/\/www.azionecattolica.it\/net\/iopartecipo\/che-ne-pensate-di\/il-decreto-fiscale-dl-112-ecco-quel-che-ci-riguarda\/"},"modified":"2008-07-28T01:34:34","modified_gmt":"2008-07-28T00:34:34","slug":"il-decreto-fiscale-dl-112-ecco-quel-che-ci-riguarda","status":"publish","type":"post","link":"https:\/\/iopartecipo.azionecattolica.it\/?p=53","title":{"rendered":"Il decreto fiscale (Dl 112): ecco quel che ci riguarda"},"content":{"rendered":"<p align=\"center\"><img loading=\"lazy\" src=\"http:\/\/www.anarca-bolo.ch\/a-rivista\/257\/img\/scuola5.jpg\" height=\"206\" width=\"243\" \/><\/p>\n<p align=\"justify\">E&#8217; stato approvato il 24 giugno il decreto legge n.112 in materia di &#8220;disposizioni urgenti per lo sviluppo economico, la semplificazione, la competitivit\u00e0, la stabilizzazione della finanza pubblica e la perequazione tributaria&#8221;, meglio conosciuto come &#8220;decreto fiscale&#8221;. Al suo interno, alcuni punti riguardanti la scuola italiana:<\/p>\n<ul>\n<li>art. 15: <strong>libri di testo<\/strong>. Riguardo al problema del &#8220;caro-libri&#8221;, il decreto stabilisceche a partire dal prossimo anno scolastico 2008-2009, nella scelta dei libri di testo vengano per quanto possibile privilegiati testi disponibili, in tutto o in parte, su internet, gratuitamente o a pagamento. Nel termine di un triennio, i libri scolasici dovranno essere prodotti in versione a stampa, on-line o mista. A partire dall&#8217;anno scolastico 2011-2012 &#8220;il collegio dei docenti adotta esclusivamente libri utilizzabili nelle versioni on line scaricabili da internet o mista&#8221;<\/li>\n<li>art.64: a)<strong>riduzione del personale ATA<\/strong> del 17% entro il triennio b)entro 12 mesi la realizzazione di un piano di &#8220;<strong>razionalizzazione e accorpamento&#8221; delle classi di concorso<\/strong>, &#8220;per una maggiore flessibilit\u00e0 nell&#8217;impiego dei docenti&#8221; e ridefinizione dei curricula, sempre in ottica di &#8220;razionalizzazione&#8221;, in particolare per le scuole professionali c)&#8221;economie lorde di spesa&#8221; (leggi &#8220;tagli&#8221;) di 456 milioni di euro nel 2009, 1650 milioni nel 2010, 2538 milioni nel 2011 e 3188 nel 2012 (all&#8217;art.69 tagli anche per l&#8217;universit\u00e0)<\/li>\n<li>tra i &#8220;nuovi emendamenti&#8221; all&#8217;art. 64 e gi\u00e0 approvati nell&#8217;iter di conversione in legge del dl 112 (ora passato, dopo l&#8217;approvazione della Camera, all&#8217;esame del Senato): a) la <strong>sospensione delle SSIS, <\/strong>ovvero le scuole di specializzazione per l&#8217;insegnamento secondario; b) in materia di <strong>obbligo scolastico <\/strong>si precisa che tale obbligo pu\u00f2 essere assolto anche nei percorsi di istruzione e formazione professionale. \u00e8 lecito chiedersi se ci\u00f2 nella sostanza significa realmente garantire il diritto all&#8217;istruzione a tutti fino ai 16 anni&#8230;<\/li>\n<\/ul>\n<p><em>alcune &#8220;curiosit\u00e0&#8221; OFF TOPIC&#8230;.<\/em><\/p>\n<p>tra gli altri punti &#8220;interessanti&#8221;, la possibilit\u00e0 data all&#8217;art. 16 alle universit\u00e0 pubbliche di trasformarsi in fondazioni, e quindi ricevere finanziamenti da privati<\/p>\n<p>gossip: agli uffici ministeriali \u00e8 tagliata al 50% la spesa sulla carta (gi\u00e0 immaginiamo gli impiegati a dover contendersi le risme iper-riciclate) e la validit\u00e0 della carta d&#8217;identit\u00e0 \u00e8 estesa a 10 anni e non pi\u00f9 5.<\/p>\n","protected":false},"excerpt":{"rendered":"<p>E&#8217; stato approvato il 24 giugno il decreto legge n.112 in materia di &#8220;disposizioni urgenti per lo sviluppo economico, la semplificazione, la competitivit\u00e0, la stabilizzazione della finanza pubblica e la perequazione tributaria&#8221;, meglio conosciuto come &#8220;decreto fiscale&#8221;. Al suo interno, alcuni punti riguardanti la scuola italiana: art. 15: libri di testo. Riguardo al problema del [&hellip;]<\/p>\n","protected":false},"author":3,"featured_media":0,"comment_status":"open","ping_status":"open","sticky":false,"template":"","format":"standard","meta":[],"categories":[5],"tags":[],"_links":{"self":[{"href":"https:\/\/iopartecipo.azionecattolica.it\/index.php?rest_route=\/wp\/v2\/posts\/53"}],"collection":[{"href":"https:\/\/iopartecipo.azionecattolica.it\/index.php?rest_route=\/wp\/v2\/posts"}],"about":[{"href":"https:\/\/iopartecipo.azionecattolica.it\/index.php?rest_route=\/wp\/v2\/types\/post"}],"author":[{"embeddable":true,"href":"https:\/\/iopartecipo.azionecattolica.it\/index.php?rest_route=\/wp\/v2\/users\/3"}],"replies":[{"embeddable":true,"href":"https:\/\/iopartecipo.azionecattolica.it\/index.php?rest_route=%2Fwp%2Fv2%2Fcomments&post=53"}],"version-history":[{"count":0,"href":"https:\/\/iopartecipo.azionecattolica.it\/index.php?rest_route=\/wp\/v2\/posts\/53\/revisions"}],"wp:attachment":[{"href":"https:\/\/iopartecipo.azionecattolica.it\/index.php?rest_route=%2Fwp%2Fv2%2Fmedia&parent=53"}],"wp:term":[{"taxonomy":"category","embeddable":true,"href":"https:\/\/iopartecipo.azionecattolica.it\/index.php?rest_route=%2Fwp%2Fv2%2Fcategories&post=53"},{"taxonomy":"post_tag","embeddable":true,"href":"https:\/\/iopartecipo.azionecattolica.it\/index.php?rest_route=%2Fwp%2Fv2%2Ftags&post=53"}],"curies":[{"name":"wp","href":"https:\/\/api.w.org\/{rel}","templated":true}]}}