{"id":546,"date":"2009-05-07T09:10:06","date_gmt":"2009-05-07T08:10:06","guid":{"rendered":"http:\/\/www.azionecattolica.it\/net\/iopartecipo\/?p=546"},"modified":"2009-05-07T09:35:57","modified_gmt":"2009-05-07T08:35:57","slug":"accelerata-al-ddl-aprea-sugli-insegnanti","status":"publish","type":"post","link":"https:\/\/iopartecipo.azionecattolica.it\/?p=546","title":{"rendered":"Accelerata al ddl Aprea sugli insegnanti"},"content":{"rendered":"<p style=\"text-align: justify;\"><img loading=\"lazy\" class=\"alignleft\" src=\"http:\/\/www.ilsussidiario.net\/img\/autori\/aprea_valentina.jpg\" alt=\"\" width=\"143\" height=\"191\" \/>Il Ministro conferma che sul ddl Aprea (quello sugli organi collegiali e reclutamento insegnanti) si andr\u00e0 fino in fondo, cercando di tirare dentro anche il consenso dell&#8217;opposizione. L&#8217;ha detto al convegno tenutosi il 5 maggio a Roma sul tema &#8220;Carriera degli insegnanti per il nuovo governo delle scuole&#8221;, al quale partecipava come relatore anche l&#8217;on. Aprea, presidente della commissione Cultura della Camera. Dopo tante audizioni, tante le modifiche apportate al testo, ma resta sostanzialmente invariato il principio della <strong>chiamata diretta degli insegnanti da parte dei presidi <\/strong>di ogni singolo istituto. La selezione diretta dei docenti vorrebbe essere quindi uno strumento per mantenere alta l&#8217;offerta formativa dei singoli istituti, ma il rischio \u00e8 che questo meccanismo possa spalancare le porte ai soliti clientelarismi. Interessante ci pareva la soluzione prospettataci dall&#8217;on. De Torre intervenuta alla Mo.Ca di Castellammare di Stabia lo scorso aprile, ovvero che i presidi abbiano s\u00ec libert\u00e0 di scelta, ma all&#8217;interno di graduatorie regionali.<\/p>\n<p style=\"text-align: justify;\">Ad ogni modo quello che l&#8217;on. Aprea desidererebbe veder cambiato \u00e8 lo statuto giuridico dei docenti, introducendo scatti di carriera che incentiverebbero il rendimento professionale.Marcia indietro invece sui consigli d&#8217;amministrazione che avrebbero dovuto sostituire i consigli d&#8217;istituto e che verranno trasformati in consigli d&#8217;indirizzo. Resta invece la proposta di trasformare le scuole in <strong>fondazioni, <\/strong>e magari arrivare all&#8217;<strong>abolizione del valore legale del titolo di studio<\/strong>, misura che dovrebbe quindi aumentare la competizione tra i POF delle scuole, ma che al momento \u00e8 solo nei desideri del legislatore, non essendo presente nessuna proposta pratica sulla carta. Ancora invariata la proposta circa i consigli di valutazione, che dovrebbero valorizzare la meritocrazia nella formazione dei docenti.<\/p>\n<p style=\"text-align: justify;\">Favorevole al disegno il presidente dell&#8217;Associazione nazionale presidi che vede il ddl come misura capace di attuare finalmente l&#8217;autonomia scolastica, mentre il ministro Gelmini ha ricordato che il ddl \u00e8 ancora aperto ad emendamenti, ma ha invitato a non approcciarsi al tema con visioni eccessivamente ideologizzate, che portano necessarimanete al contrasto. <span style=\"font-size: 10pt;\">Su questi temi sar\u00e0 ricercata la condivisione, ma la volont\u00e0 del ministro e dell&#8217;Aprea \u00e8 di &#8220;andare fino in fondo a tutti i costi&#8221;, dato che la meritocrazia dei docenti \u00e8 considerata una priorit\u00e0.<\/span><\/p>\n<p style=\"text-align: justify;\">E se questa volont\u00e0 del governo \u00e8 certamente positiva, ci auguriamo che davvero venga dato spazio per altre, necessarie, modifiche, ad un disegno di legge quanto mai necessario eppure in pi\u00f9 di un passaggio ancora nebuloso. Intanto il forum delle associazioni studentesche in questi giorni si sta riunendo con incredibile frequenza, ma l&#8217;agenda al momento \u00e8 concentrata esclusivamente sull&#8217;emergenza abruzzo, per la quale \u00e8 previsto un sopraluogo delle associazioni a l&#8217;Aquila nei prossimi giorni.<\/p>\n<p style=\"text-align: justify;\">\n<p style=\"text-align: justify;\"><a href=\"http:\/\/www.azionecattolica.it\/settori\/MSAC\/sezione\/zaino\/archivio_iniz\/2008_-_2009\/Moca_2009\/materiali_organi_collegiali\/APREA_letiia.doc\">scheda riassuntiva proposta di legge Aprea I parte (organi collegiali)<br \/>\n<\/a><\/p>\n<p style=\"text-align: justify;\"><a href=\"http:\/\/www.azionecattolica.it\/settori\/MSAC\/sezione\/zaino\/archivio_iniz\/2008_-_2009\/Moca_2009\/materiali_didattica\/IL_SISTEMA_DI_RECLUTAMENTO_DEGLI_INSEGNANTI.doc\">scheda riassuntiva sistema reclutamento insegnanti oggi + proposta di legge Aprea domani (docenti)<\/a><\/p>\n<div style=\"text-align: justify;\"><span style=\"font-size: 10pt; color: black;\"><br \/>\n<\/span><\/div>\n","protected":false},"excerpt":{"rendered":"<p>Il Ministro conferma che sul ddl Aprea (quello sugli organi collegiali e reclutamento insegnanti) si andr\u00e0 fino in fondo, cercando di tirare dentro anche il consenso dell&#8217;opposizione. L&#8217;ha detto al convegno tenutosi il 5 maggio a Roma sul tema &#8220;Carriera degli insegnanti per il nuovo governo delle scuole&#8221;, al quale partecipava come relatore anche l&#8217;on. [&hellip;]<\/p>\n","protected":false},"author":3,"featured_media":0,"comment_status":"open","ping_status":"open","sticky":false,"template":"","format":"standard","meta":[],"categories":[12],"tags":[],"_links":{"self":[{"href":"https:\/\/iopartecipo.azionecattolica.it\/index.php?rest_route=\/wp\/v2\/posts\/546"}],"collection":[{"href":"https:\/\/iopartecipo.azionecattolica.it\/index.php?rest_route=\/wp\/v2\/posts"}],"about":[{"href":"https:\/\/iopartecipo.azionecattolica.it\/index.php?rest_route=\/wp\/v2\/types\/post"}],"author":[{"embeddable":true,"href":"https:\/\/iopartecipo.azionecattolica.it\/index.php?rest_route=\/wp\/v2\/users\/3"}],"replies":[{"embeddable":true,"href":"https:\/\/iopartecipo.azionecattolica.it\/index.php?rest_route=%2Fwp%2Fv2%2Fcomments&post=546"}],"version-history":[{"count":6,"href":"https:\/\/iopartecipo.azionecattolica.it\/index.php?rest_route=\/wp\/v2\/posts\/546\/revisions"}],"predecessor-version":[{"id":563,"href":"https:\/\/iopartecipo.azionecattolica.it\/index.php?rest_route=\/wp\/v2\/posts\/546\/revisions\/563"}],"wp:attachment":[{"href":"https:\/\/iopartecipo.azionecattolica.it\/index.php?rest_route=%2Fwp%2Fv2%2Fmedia&parent=546"}],"wp:term":[{"taxonomy":"category","embeddable":true,"href":"https:\/\/iopartecipo.azionecattolica.it\/index.php?rest_route=%2Fwp%2Fv2%2Fcategories&post=546"},{"taxonomy":"post_tag","embeddable":true,"href":"https:\/\/iopartecipo.azionecattolica.it\/index.php?rest_route=%2Fwp%2Fv2%2Ftags&post=546"}],"curies":[{"name":"wp","href":"https:\/\/api.w.org\/{rel}","templated":true}]}}