{"id":552,"date":"2009-05-05T09:16:44","date_gmt":"2009-05-05T08:16:44","guid":{"rendered":"http:\/\/www.azionecattolica.it\/net\/iopartecipo\/?p=552"},"modified":"2009-05-07T09:37:37","modified_gmt":"2009-05-07T08:37:37","slug":"racconti-di-moca1","status":"publish","type":"post","link":"https:\/\/iopartecipo.azionecattolica.it\/?p=552","title":{"rendered":"Racconti di Mo.Ca\/1"},"content":{"rendered":"<p style=\"text-align: justify;\"><img loading=\"lazy\" class=\"aligncenter\" src=\"http:\/\/photos-a.ak.fbcdn.net\/hphotos-ak-snc1\/hs037.snc1\/3306_1154750230626_1283794249_434400_3287178_n.jpg\" alt=\"\" width=\"571\" height=\"357\" \/><\/p>\n<p style=\"text-align: justify;\">\u201cLa vita \u00e8 azione, \u00e8 movimento, ed anche la mia vita deve essere azione, movimento continuo, senza pause. Movimento ed azione tendenti all\u2019unico fine dell\u2019uomo: salvarsi e salvare. [\u2026] Ho bisogno di orizzonti sconfinati, di cieli luminosi e stellati, di mari e di oceani immensi\u201d. Sento che siamo fatti per il cielo. Voglio impegnarmi, voglio purificarmi, santificarmi per poter dire al pi\u00f9 presto: Signore sono pronto, fai di me ci\u00f2 che vuoi\u201d.<\/p>\n<p style=\"text-align: justify;\">Il MSAC, Movimento Studenti di Azione Cattolica, ha aperto la seconda edizione della Mo.Ca, Movimento in Cantiere, con l\u2019invito di Alberto Marvelli a ricercare il cielo non con il naso all\u2019ins\u00f9, ma nella vita frenetica di tutti i giorni.<br \/>\nSi potrebbe pensare infatti che nella frenesia il Signore sfugga, ma se in quello che facciamo mettiamo sempre passione e amore, allora la frenesia di quella vita sar\u00e0 in realt\u00e0 il vortice dell\u2019amore di Cristo che travolge noi e chi ci sta intorno: quello stesso vortice che ha avvolto noi studenti del Movimento nei tre giorni di \u201ccantiere\u201d presso il Campus Ras, a Castellammare di Stabia tra il 24 e il 26 aprile, in cui ci siamo spesi per fare di questo mondo il nostro mondo. Ciascuno di noi infatti ha dato alla scuola una parte di s\u00e9 collaborando insieme a tre tecnici ministeriali, Max Bruschi, Patrizia Boretti e Giuseppe Mingione, per fare delle esigenze degli studenti delle concrete richieste di riforma in merito ad Organi Collegiali, Diritto allo Studio e Didattica, da presentare al Ministro dell\u2019Istruzione Maria Stella Gelmini, nel corso del Forum delle Associazioni Studentesche.<br \/>\nE mentre gli ospiti si alternavano sul grande divano rosso, nell\u2019aria si respirava la voglia di fare, di conoscere, di mettersi in gioco, di impegnarsi, di imparare quanto pi\u00f9 possibile affinch\u00e9, tornati nelle nostre scuole, con il cuore infiammato di coraggio, le sette sporte di pezzi avanzati, come ha raccomandato l\u2019assistente nazionale don Nicol\u00f2, potessero essere ci\u00f2 che ci portiamo a casa e potessimo cos\u00ec diventare noi stessi quei sette pani e quei pochi pesciolini da donare alla folla.<\/p>\n<p>Valeria e Giovanni (MSAC Lucera-Troia)<\/p>\n","protected":false},"excerpt":{"rendered":"<p>\u201cLa vita \u00e8 azione, \u00e8 movimento, ed anche la mia vita deve essere azione, movimento continuo, senza pause. Movimento ed azione tendenti all\u2019unico fine dell\u2019uomo: salvarsi e salvare. [\u2026] Ho bisogno di orizzonti sconfinati, di cieli luminosi e stellati, di mari e di oceani immensi\u201d. Sento che siamo fatti per il cielo. Voglio impegnarmi, voglio [&hellip;]<\/p>\n","protected":false},"author":34,"featured_media":0,"comment_status":"open","ping_status":"open","sticky":false,"template":"","format":"standard","meta":[],"categories":[9,10],"tags":[],"_links":{"self":[{"href":"https:\/\/iopartecipo.azionecattolica.it\/index.php?rest_route=\/wp\/v2\/posts\/552"}],"collection":[{"href":"https:\/\/iopartecipo.azionecattolica.it\/index.php?rest_route=\/wp\/v2\/posts"}],"about":[{"href":"https:\/\/iopartecipo.azionecattolica.it\/index.php?rest_route=\/wp\/v2\/types\/post"}],"author":[{"embeddable":true,"href":"https:\/\/iopartecipo.azionecattolica.it\/index.php?rest_route=\/wp\/v2\/users\/34"}],"replies":[{"embeddable":true,"href":"https:\/\/iopartecipo.azionecattolica.it\/index.php?rest_route=%2Fwp%2Fv2%2Fcomments&post=552"}],"version-history":[{"count":6,"href":"https:\/\/iopartecipo.azionecattolica.it\/index.php?rest_route=\/wp\/v2\/posts\/552\/revisions"}],"predecessor-version":[{"id":557,"href":"https:\/\/iopartecipo.azionecattolica.it\/index.php?rest_route=\/wp\/v2\/posts\/552\/revisions\/557"}],"wp:attachment":[{"href":"https:\/\/iopartecipo.azionecattolica.it\/index.php?rest_route=%2Fwp%2Fv2%2Fmedia&parent=552"}],"wp:term":[{"taxonomy":"category","embeddable":true,"href":"https:\/\/iopartecipo.azionecattolica.it\/index.php?rest_route=%2Fwp%2Fv2%2Fcategories&post=552"},{"taxonomy":"post_tag","embeddable":true,"href":"https:\/\/iopartecipo.azionecattolica.it\/index.php?rest_route=%2Fwp%2Fv2%2Ftags&post=552"}],"curies":[{"name":"wp","href":"https:\/\/api.w.org\/{rel}","templated":true}]}}