{"id":574,"date":"2009-05-03T10:01:57","date_gmt":"2009-05-03T09:01:57","guid":{"rendered":"http:\/\/www.azionecattolica.it\/net\/iopartecipo\/?p=574"},"modified":"2009-05-07T10:03:11","modified_gmt":"2009-05-07T09:03:11","slug":"il-saluto-della-fuci-alla-moca","status":"publish","type":"post","link":"https:\/\/iopartecipo.azionecattolica.it\/?p=574","title":{"rendered":"Il saluto della FUCI alla Mo.Ca"},"content":{"rendered":"<p><!--[if gte mso 9]><xml> Normal   0   14         false   false   false <\/xml><![endif]--><!--[if gte mso 9]><xml> <\/xml><![endif]--><!--  --><!--[if gte mso 10]> <mce:style><!   \/* Style Definitions *\/  table.MsoNormalTable \t{mso-style-name:\"Tabella normale\"; \tmso-tstyle-rowband-size:0; \tmso-tstyle-colband-size:0; \tmso-style-noshow:yes; \tmso-style-parent:\"\"; \tmso-padding-alt:0cm 5.4pt 0cm 5.4pt; \tmso-para-margin:0cm; \tmso-para-margin-bottom:.0001pt; \tmso-pagination:widow-orphan; \tfont-size:10.0pt; \tfont-family:\"Times New Roman\"; \tmso-ansi-language:#0400; \tmso-fareast-language:#0400; \tmso-bidi-language:#0400;} --> <!--[endif]--><\/p>\n<p style=\"text-align: left;\">Ecco i saluti che ci ha inviato Marco Zane, condirettore di &#8220;Ricerca&#8221;<\/p>\n<p align=\"right\">Roma, 24 aprile 2009<\/p>\n<p>Carissimi amici e Carissime amiche del MSAC<\/p>\n<p>si apre per voi un momento di grande riflessione e di dibattito, ma che sar\u00e0 anche una bellissimo momento di condivisione e di divertimento.<\/p>\n<p>Vi ritrovate da tutta Italia per il bene della scuola, per far sentire le vostre idee, per programmare il lavoro del movimento per i prossimi tre anni. \u00c8 pi\u00f9 di un congresso: \u00e8 una grande sosta, un bellissimo evento in cui ricaricare le batterie (la mente, l&#8217;anima e il corpo) con il migliore caricatore a vostra disposizione, l&#8217;amicizia.<\/p>\n<p>Molti di voi affronteranno l&#8217;esame di Stato, la maturit\u00e0. Certamente il tempo dedicato al Msac \u00e8 sempre tempo prezioso per la vostra formazione, dunque dedicare tre giorni al Movimento non \u00e8 tempo rubato, \u00e8 un tempo per voi, perci\u00f2 preziosissimo. A voi vanno la nostra attenzione, la nostra stima e la nostra preghiera<\/p>\n<p>Anche la Fuci si riunisce in questi giorni: a Roma, ieri \u00e8 iniziato il nostro convegno, stiamo discutendo sul destino dell&#8217;Europa, delle sue Istituzioni, e sull&#8217;importanza della cittadinanza europea.<\/p>\n<p>La scuola vive un tempo di grandi cambiamenti: si aprono nuove prospettive e, insieme, nuove problematiche. Anche se la Fuci si occupa dell&#8217;universit\u00e0, le questioni dell&#8217;istruzione ci stanno a cuore e ci interessano le vostre riflessioni. Noi pensiamo innanzitutto che senza studenti innamorati della vita e animati da profondo senso di responsabilit\u00e0 non si possa fare nessuna riforma, non si possa migliorare l&#8217;ordinamento scolastico. Pensiamo che il Msac sia importante per &#8220;insaporire&#8221;, come direbbe il Vangelo, la realt\u00e0 della scuola di oggi, cambiandola dall&#8217;interno. C&#8217;\u00e8 sempre pi\u00f9 bisogno di studenti determinati e con le idee chiare! La Fuci e il Msac devono voler esercitare un ruolo chiave per far capire che ci sono studenti e desiderosi del dialogo, ma anche decisi e fermi sulle questioni pi\u00f9 importanti.<\/p>\n<p>La distanza tra Roma e Castellamare \u00e8 nulla perch\u00e9 tra noi e voi ci sono il comune impegno per il tempo che viviamo e il legame con la famiglia di famiglie che \u00e8 l&#8217;Azione Cattolica.<\/p>\n<p>Dai vostri amici fucini, con questi pensieri nel cuore l&#8217;augurio di una buona Moka.<\/p>\n<p style=\"text-align: right;\"><em>Silvia, Emanuele, Luca, Andrea, Marco, Don Arm<\/em><em>ando<\/em><\/p>\n","protected":false},"excerpt":{"rendered":"<p>Ecco i saluti che ci ha inviato Marco Zane, condirettore di &#8220;Ricerca&#8221; Roma, 24 aprile 2009 Carissimi amici e Carissime amiche del MSAC si apre per voi un momento di grande riflessione e di dibattito, ma che sar\u00e0 anche una bellissimo momento di condivisione e di divertimento. Vi ritrovate da tutta Italia per il bene [&hellip;]<\/p>\n","protected":false},"author":3,"featured_media":0,"comment_status":"open","ping_status":"open","sticky":false,"template":"","format":"standard","meta":[],"categories":[10],"tags":[],"_links":{"self":[{"href":"https:\/\/iopartecipo.azionecattolica.it\/index.php?rest_route=\/wp\/v2\/posts\/574"}],"collection":[{"href":"https:\/\/iopartecipo.azionecattolica.it\/index.php?rest_route=\/wp\/v2\/posts"}],"about":[{"href":"https:\/\/iopartecipo.azionecattolica.it\/index.php?rest_route=\/wp\/v2\/types\/post"}],"author":[{"embeddable":true,"href":"https:\/\/iopartecipo.azionecattolica.it\/index.php?rest_route=\/wp\/v2\/users\/3"}],"replies":[{"embeddable":true,"href":"https:\/\/iopartecipo.azionecattolica.it\/index.php?rest_route=%2Fwp%2Fv2%2Fcomments&post=574"}],"version-history":[{"count":1,"href":"https:\/\/iopartecipo.azionecattolica.it\/index.php?rest_route=\/wp\/v2\/posts\/574\/revisions"}],"predecessor-version":[{"id":575,"href":"https:\/\/iopartecipo.azionecattolica.it\/index.php?rest_route=\/wp\/v2\/posts\/574\/revisions\/575"}],"wp:attachment":[{"href":"https:\/\/iopartecipo.azionecattolica.it\/index.php?rest_route=%2Fwp%2Fv2%2Fmedia&parent=574"}],"wp:term":[{"taxonomy":"category","embeddable":true,"href":"https:\/\/iopartecipo.azionecattolica.it\/index.php?rest_route=%2Fwp%2Fv2%2Fcategories&post=574"},{"taxonomy":"post_tag","embeddable":true,"href":"https:\/\/iopartecipo.azionecattolica.it\/index.php?rest_route=%2Fwp%2Fv2%2Ftags&post=574"}],"curies":[{"name":"wp","href":"https:\/\/api.w.org\/{rel}","templated":true}]}}