{"id":597,"date":"2009-05-20T22:08:42","date_gmt":"2009-05-20T21:08:42","guid":{"rendered":"http:\/\/www.azionecattolica.it\/net\/iopartecipo\/?p=597"},"modified":"2009-05-20T22:09:35","modified_gmt":"2009-05-20T21:09:35","slug":"racconti-di-moca2","status":"publish","type":"post","link":"https:\/\/iopartecipo.azionecattolica.it\/?p=597","title":{"rendered":"Racconti di Mo.Ca\/2"},"content":{"rendered":"<p><!--[if gte mso 9]><xml> <w:WordDocument> <w:View>Normal<\/w:View> <w:Zoom>0<\/w:Zoom> <w:HyphenationZone>14<\/w:HyphenationZone> <w:PunctuationKerning \/> <w:ValidateAgainstSchemas \/> <w:SaveIfXMLInvalid>false<\/w:SaveIfXMLInvalid> <w:IgnoreMixedContent>false<\/w:IgnoreMixedContent> <w:AlwaysShowPlaceholderText>false<\/w:AlwaysShowPlaceholderText> <w:Compatibility> <w:BreakWrappedTables \/> <w:SnapToGridInCell \/> <w:WrapTextWithPunct \/> <w:UseAsianBreakRules \/> <w:DontGrowAutofit \/> <\/w:Compatibility> <w:BrowserLevel>MicrosoftInternetExplorer4<\/w:BrowserLevel> <\/w:WordDocument> <\/xml><![endif]--><!--[if gte mso 9]><xml> <w:LatentStyles DefLockedState=\"false\" LatentStyleCount=\"156\"> <\/w:LatentStyles> <\/xml><![endif]--> <!--[if gte mso 10]>\n<mce:style><!   \/* Style Definitions *\/  table.MsoNormalTable \t{mso-style-name:\"Tabella normale\"; \tmso-tstyle-rowband-size:0; \tmso-tstyle-colband-size:0; \tmso-style-noshow:yes; \tmso-style-parent:\"\"; \tmso-padding-alt:0cm 5.4pt 0cm 5.4pt; \tmso-para-margin:0cm; \tmso-para-margin-bottom:.0001pt; \tmso-pagination:widow-orphan; \tfont-size:10.0pt; \tfont-family:\"Times New Roman\"; \tmso-ansi-language:#0400; \tmso-fareast-language:#0400; \tmso-bidi-language:#0400;} --><\/p>\n<p><!--[endif]--><\/p>\n<p class=\"Nessunaspaziatura\" style=\"text-align: center;\"><strong>Alghero-Bosa riparte dalla Mo.Ca!!!<\/strong><\/p>\n<p class=\"Nessunaspaziatura\" style=\"text-align: center;\">\n<p class=\"Nessunaspaziatura\" style=\"text-align: justify;\"><span style=\"font-size: 10pt; font-family: Verdana;\">All\u2019inizio di ogni nuovo anno abbiamo a che fare con nuove ondate di riforme scolastiche a cui automaticamente segue il dissenso di noi studenti, manifestato attraverso scioperi, cortei e occupazioni. Ma qualcuno ha mai fatto proposte concrete?<\/span><\/p>\n<p class=\"Nessunaspaziatura\" style=\"text-align: justify;\"><span style=\"font-size: 10pt; font-family: Verdana;\">Da questa domanda nasce il \u201cmovimento in cantiere\u201d, attraverso cui il MSAC si apre al confronto chiamando in causa il ministero e gli studenti. Ed anche noi msacchini della diocesi Alghero-Bosa siamo stati chiamati a dire la nostra! Dopo un estenuante e lungo viaggio, tra aeroporto e caselli autostradali siamo giunti a destinazione: CASTELLAMMARE DI STABIA! Yeah =D !!!<\/span><\/p>\n<p class=\"Nessunaspaziatura\" style=\"text-align: justify;\"><span style=\"font-size: 10pt; font-family: Verdana;\">In questi tre giorni il MSAC \u00e8 passato \u201cdalla protesta alla proposta\u201d con l\u2019aiuto di illustri ospiti: Max Bruschi, consigliere politico del ministro dell\u2019istruzione, Rosario Carello, conduttore di \u201c A Sua immagine\u201d, Patrizia Boretti e Giuseppe Mingione, entrambi tecnici ministeriali, l&#8217;onorevole Letizia De Torre, membro della commissione Cultura della Camera dei Deputati, ed infine Franco Miano, il nostro presidente nazionale dell\u2019AC.<\/span><\/p>\n<p class=\"Nessunaspaziatura\" style=\"text-align: justify;\"><span style=\"font-size: 10pt; font-family: Verdana;\">Con Rosario Carello, abbiamo esaminato le varie mobilitazioni studentesche, il loro stile e i risultati mai ottenuti. E&#8217; dunque emerso che n\u00e9 la massa n\u00e9 il singolo possono rivoluzionare il sistema, soprattutto se la strategia usata \u00e8 quella dell\u2019urlo fine a se stesso, che preclude l\u2019ascolto e il dialogo.<\/span><\/p>\n<p class=\"Nessunaspaziatura\" style=\"text-align: justify;\"><span style=\"font-size: 10pt; font-family: Verdana;\">La scelta dello strumento svuotato dall\u2019usura, cio\u00e8 metodi di proteste usati e riusati, non porta a nessun risultato; l\u2019alternativa \u00e8 ripartire da un gruppo ristretto, ben guidato, che inizi a seminare idee e fare opinione; noi msacchini dunque, siamo l\u2019ANTIDOTO alle vecchie proteste! Il MSAC infatti crea reti di pensiero, costruendo ponti invece che muri.<\/span><\/p>\n<p class=\"Nessunaspaziatura\" style=\"text-align: justify;\"><span style=\"font-size: 10pt; font-family: Verdana;\">Partendo da questa introduzione, abbiamo affrontato i laboratori tematici; abbiamo esaminato le tematiche di ogni laboratorio (organi collegiali, diritto allo studio, didattica), supportati da esperti e da tecnici ministeriali e confrontandoci con i ragazzi delle altre regioni, abbiamo elaborato delle proposte concretizzabili da sottoporre all\u2019attenzione del ministero.<\/span><\/p>\n<p class=\"Nessunaspaziatura\" style=\"text-align: justify;\"><span style=\"font-size: 10pt; font-family: Verdana;\">Sono stati senza dubbio tre giorni intensissimi, caratterizzati dalla riflessione, dallo studio e dall\u2019analisi riguardo la nostra cara scuola; ma purtroppo temiamo che dopo un\u2019esperienza cos\u00ec intensa, non avendo avuto il tempo di assimilare per bene quanto appreso, questa grande quantit\u00e0 di informazioni e nozioni ci scivoli addosso, perdendo di valore.<\/span><\/p>\n<p class=\"Nessunaspaziatura\" style=\"text-align: justify;\"><span style=\"font-size: 10pt; font-family: Verdana;\">Tuttavia non ci scoraggiamo assolutamente! La MoCa non \u00e8 stata un\u2019esperienza costruttiva solo per noi membri d\u2019equipe, ma diventa uno strumento da cui riPARTIRE, per appunto costruire, innovare e solidificare la nostra realt\u00e0 di MSAC diocesano!<\/span><\/p>\n<p class=\"Nessunaspaziatura\" style=\"text-align: justify;\"><span style=\"font-size: 10pt; font-family: Verdana;\">Inoltre, \u00e8 una gioia per noi accorgerci effettivamente che non siamo soli; l\u2019incontro con altri msacchini proprio come noi, che vivono situazioni e problemi simili ai nostri nelle loro realt\u00e0 cittadine, ci ricorda che il movimento ci unisce e sostiene tutti, ci riunisce in una comunit\u00e0 cattolica e scolastica senza frontiere, facendo nascere in noi un forte senso di appartenenza ed esultanza\u2026<\/span><\/p>\n<p class=\"Nessunaspaziatura\" style=\"text-align: justify;\"><span style=\"font-size: 10pt; font-family: Verdana;\">Infine, come non parlare anche della nostra stupenda equipe nazionale! \ud83d\ude00 E\u2019 forse anche un po\u2019 strano, per quanto straordinario e speciale, credere che ragazzi poco pi\u00f9 grandi di noi siano in grado di organizzare tutte le attivit\u00e0 ed iniziative che il MSAC propone, di sostenerci in maniera concreta e di volerci cos\u00ec bene!<\/span><\/p>\n<p class=\"Nessunaspaziatura\" style=\"text-align: justify;\"><span style=\"font-size: 10pt; font-family: Verdana;\">Questo ci fa riflettere, ma soprattutto credere in noi stessi e nelle potenzialit\u00e0 che abbiamo da offrire al nostro MSAC! Anche noi siamo perci\u00f2 in grado di grandi cose; attraverso piccoli passi ma puntando a grandi obiettivi la nostra esperienza di MSAC pu\u00f2 perci\u00f2 prendere il volo; nello zaino abbiamo semplicemente bisogno di una penna, della Bibbia, del giornale, di tanto impegno e sacrificio e di tanta, infinita passione! WE CARE!<\/span><\/p>\n<p class=\"Nessunaspaziatura\" style=\"text-align: justify;\"><span style=\"font-size: 10pt; font-family: Verdana;\"> <\/span><\/p>\n<p class=\"Nessunaspaziatura\" style=\"text-align: justify;\"><span style=\"font-size: 10pt; font-family: Verdana;\"> <\/span><\/p>\n<p class=\"Nessunaspaziatura\" style=\"text-align: justify;\"><span style=\"font-size: 10pt; font-family: Verdana;\">W IL MOVIMENTOOO! =D<\/span><\/p>\n<p class=\"Nessunaspaziatura\" style=\"text-align: left;\" align=\"left\">\n<p class=\"Nessunaspaziatura\" style=\"text-align: left;\" align=\"left\"><!--[if gte mso 9]><xml> <w:WordDocument> <w:View>Normal<\/w:View> <w:Zoom>0<\/w:Zoom> <w:HyphenationZone>14<\/w:HyphenationZone> <w:PunctuationKerning \/> <w:ValidateAgainstSchemas \/> <w:SaveIfXMLInvalid>false<\/w:SaveIfXMLInvalid> <w:IgnoreMixedContent>false<\/w:IgnoreMixedContent> <w:AlwaysShowPlaceholderText>false<\/w:AlwaysShowPlaceholderText> <w:Compatibility> <w:BreakWrappedTables \/> <w:SnapToGridInCell \/> <w:WrapTextWithPunct \/> <w:UseAsianBreakRules \/> <w:DontGrowAutofit \/> <\/w:Compatibility> <w:BrowserLevel>MicrosoftInternetExplorer4<\/w:BrowserLevel> <\/w:WordDocument> <\/xml><![endif]--><!--[if gte mso 9]><xml> <w:LatentStyles DefLockedState=\"false\" LatentStyleCount=\"156\"> <\/w:LatentStyles> <\/xml><![endif]--> <!--[if gte mso 10]>\n<mce:style><!   \/* Style Definitions *\/  table.MsoNormalTable \t{mso-style-name:\"Tabella normale\"; \tmso-tstyle-rowband-size:0; \tmso-tstyle-colband-size:0; \tmso-style-noshow:yes; \tmso-style-parent:\"\"; \tmso-padding-alt:0cm 5.4pt 0cm 5.4pt; \tmso-para-margin:0cm; \tmso-para-margin-bottom:.0001pt; \tmso-pagination:widow-orphan; \tfont-size:10.0pt; \tfont-family:\"Times New Roman\"; \tmso-ansi-language:#0400; \tmso-fareast-language:#0400; \tmso-bidi-language:#0400;} --><\/p>\n<p><!--[endif]--><\/p>\n<p class=\"Nessunaspaziatura\" style=\"text-align: center;\" align=\"center\"><em><span style=\"font-size: 10pt; font-family: Verdana;\">di Laura, Stefania, Rossella e Giovanni(Alghero-Bosa)<\/span><\/em><\/p>\n<p class=\"Nessunaspaziatura\" style=\"text-align: center;\" align=\"center\"><em><span style=\"font-size: 10pt; font-family: Verdana;\">Membri dell&#8217;equipe diocesana MSAC<\/span><\/em><\/p>\n","protected":false},"excerpt":{"rendered":"<p>Alghero-Bosa riparte dalla Mo.Ca!!! All\u2019inizio di ogni nuovo anno abbiamo a che fare con nuove ondate di riforme scolastiche a cui automaticamente segue il dissenso di noi studenti, manifestato attraverso scioperi, cortei e occupazioni. Ma qualcuno ha mai fatto proposte concrete? Da questa domanda nasce il \u201cmovimento in cantiere\u201d, attraverso cui il MSAC si apre [&hellip;]<\/p>\n","protected":false},"author":3,"featured_media":0,"comment_status":"open","ping_status":"open","sticky":false,"template":"","format":"standard","meta":[],"categories":[9,10],"tags":[],"_links":{"self":[{"href":"https:\/\/iopartecipo.azionecattolica.it\/index.php?rest_route=\/wp\/v2\/posts\/597"}],"collection":[{"href":"https:\/\/iopartecipo.azionecattolica.it\/index.php?rest_route=\/wp\/v2\/posts"}],"about":[{"href":"https:\/\/iopartecipo.azionecattolica.it\/index.php?rest_route=\/wp\/v2\/types\/post"}],"author":[{"embeddable":true,"href":"https:\/\/iopartecipo.azionecattolica.it\/index.php?rest_route=\/wp\/v2\/users\/3"}],"replies":[{"embeddable":true,"href":"https:\/\/iopartecipo.azionecattolica.it\/index.php?rest_route=%2Fwp%2Fv2%2Fcomments&post=597"}],"version-history":[{"count":4,"href":"https:\/\/iopartecipo.azionecattolica.it\/index.php?rest_route=\/wp\/v2\/posts\/597\/revisions"}],"predecessor-version":[{"id":601,"href":"https:\/\/iopartecipo.azionecattolica.it\/index.php?rest_route=\/wp\/v2\/posts\/597\/revisions\/601"}],"wp:attachment":[{"href":"https:\/\/iopartecipo.azionecattolica.it\/index.php?rest_route=%2Fwp%2Fv2%2Fmedia&parent=597"}],"wp:term":[{"taxonomy":"category","embeddable":true,"href":"https:\/\/iopartecipo.azionecattolica.it\/index.php?rest_route=%2Fwp%2Fv2%2Fcategories&post=597"},{"taxonomy":"post_tag","embeddable":true,"href":"https:\/\/iopartecipo.azionecattolica.it\/index.php?rest_route=%2Fwp%2Fv2%2Ftags&post=597"}],"curies":[{"name":"wp","href":"https:\/\/api.w.org\/{rel}","templated":true}]}}